{"id":128,"date":"2011-03-02T07:41:56","date_gmt":"2011-03-02T07:41:56","guid":{"rendered":"http:\/\/aletheia-onlinezeitung.de\/?p=128"},"modified":"2011-03-02T07:41:56","modified_gmt":"2011-03-02T07:41:56","slug":"guttenbergs-sturz","status":"publish","type":"post","link":"https:\/\/aletheia-onlinezeitung.de\/?p=128","title":{"rendered":"Guttenbergs Sturz"},"content":{"rendered":"<p>Karl-Theodor zu Guttenberg ist in der Plagiatsaff\u00e4re \u00fcber Doktorarbeit und sich selbst gest\u00fcrzt. Vehement lehnte Guttenberg einen R\u00fccktritt in den letzten Tagen ab, strotzte der Opposition und nahm die Sch\u00fctzenhilfe der Bundeskanzlerin an. Gen\u00fctzt hat es ihm nichts. Ohne Doktor und ohne Ministeramt scheint die Karriere des 39-j\u00e4hrigen am Boden. Nach Zweiw\u00f6chigem streiten, abstreiten und hinhalten, konnte Guttenberg dem Druck nicht mehr standhalten und trat unerwartet am 1. M\u00e4rz zur\u00fcck.<!--more--><\/p>\n<p>Erste Anzeichen f\u00fcr den R\u00fccktritt des Verteidigungsministers gab es bereits am fr\u00fchen Vormittag. Bundeskanzlerin Angela Merkel brach ihren Rundgang auf der CeBIT in Hannover \u00fcberraschend ab und telefonierte f\u00fcr l\u00e4ngere Zeit. Um 11.15 Uhr dann der Paukenschlag im Verteidigungsministerium, zu dem die Presse kurzfristig eingeladen wurde.<\/p>\n<p>Guttenberg selbst lie\u00df Zweifel an dem aufkommen, was er verk\u00fcndete. <strong>\u201eIch war immer bereit zu k\u00e4mpfen. Aber ich habe die Grenzen meiner Kr\u00e4fte erreicht.\u201c <\/strong>Sind diese Grenzen nicht l\u00e4ngst \u00fcberschritten worden? Fehler in seiner Doktorarbeit g\u00e4be es gewiss, aber dies als R\u00fccktrittsgrund zu benennen w\u00e4re f\u00fcr Herrn zu Guttenberg wohl zu schmerzlich gewesen. Stattdessen stellte er sich die Frage, ob er den Anspr\u00fcchen seines Ministeramtes weiterhin gerecht werden k\u00f6nne. Reue und Einsicht sucht man relativ vergeblich beim ehemaligen Verteidigungsminister, es scheint als reagiere er wie ein kleiner Junge, der trotzig sein Spielzeug in die Ecke schmei\u00dft.<!--more--><\/p>\n<p>W\u00e4hrend Seehofer, Merkel &amp; Co sichtlich \u00fcberrascht f\u00fcr die \u00d6ffentlichkeit reagierten, feierte die Opposition den Abgang des Ministers wie den Einzug in das Kanzleramt. Steinmeier, Gysi &amp; Co begr\u00fc\u00dfen den R\u00fccktritt, aber sie finden auch nach dem Sturz des Ministers reizende Worte, k\u00f6nnen es auch nach dem R\u00fccktritt nicht lassen. Stellt sich die Frage, mit wem die Opposition demn\u00e4chst spielen kann und ob sie sich vielleicht sogar wieder der Politik widmen muss. Nun ist von verheerenden Folgen f\u00fcr den Wissenschaftsstandort Deutschland die Rede, eine Rede, die aber wie so oft in der Politik schnell in der Versenkung verschwunden ist, so wie der Sturz des Freiherren schon in wenigen Tagen kaum noch interessieren d\u00fcrfte.<\/p>\n","protected":false},"excerpt":{"rendered":"<p>Karl-Theodor zu Guttenberg ist in der Plagiatsaff\u00e4re \u00fcber Doktorarbeit und sich selbst gest\u00fcrzt. Vehement lehnte Guttenberg einen R\u00fccktritt in den letzten Tagen ab, strotzte der Opposition und nahm die Sch\u00fctzenhilfe der Bundeskanzlerin an. Gen\u00fctzt hat es ihm nichts. Ohne Doktor und ohne Ministeramt scheint die Karriere des 39-j\u00e4hrigen am Boden. Nach Zweiw\u00f6chigem streiten, abstreiten und &hellip; <\/p>\n<p class=\"link-more\"><a href=\"https:\/\/aletheia-onlinezeitung.de\/?p=128\" class=\"more-link\"><span class=\"screen-reader-text\">\u201eGuttenbergs Sturz\u201c<\/span> weiterlesen<\/a><\/p>\n","protected":false},"author":1,"featured_media":0,"comment_status":"open","ping_status":"closed","sticky":false,"template":"","format":"standard","meta":{"footnotes":""},"categories":[22,6],"tags":[54,63,73,100,119],"class_list":["post-128","post","type-post","status-publish","format-standard","hentry","category-militar","category-politik","tag-doktor","tag-freiherr","tag-guttenberg","tag-plagiatsaffare","tag-verteidigungsminister","entry"],"jetpack_featured_media_url":"","_links":{"self":[{"href":"https:\/\/aletheia-onlinezeitung.de\/index.php?rest_route=\/wp\/v2\/posts\/128","targetHints":{"allow":["GET"]}}],"collection":[{"href":"https:\/\/aletheia-onlinezeitung.de\/index.php?rest_route=\/wp\/v2\/posts"}],"about":[{"href":"https:\/\/aletheia-onlinezeitung.de\/index.php?rest_route=\/wp\/v2\/types\/post"}],"author":[{"embeddable":true,"href":"https:\/\/aletheia-onlinezeitung.de\/index.php?rest_route=\/wp\/v2\/users\/1"}],"replies":[{"embeddable":true,"href":"https:\/\/aletheia-onlinezeitung.de\/index.php?rest_route=%2Fwp%2Fv2%2Fcomments&post=128"}],"version-history":[{"count":0,"href":"https:\/\/aletheia-onlinezeitung.de\/index.php?rest_route=\/wp\/v2\/posts\/128\/revisions"}],"wp:attachment":[{"href":"https:\/\/aletheia-onlinezeitung.de\/index.php?rest_route=%2Fwp%2Fv2%2Fmedia&parent=128"}],"wp:term":[{"taxonomy":"category","embeddable":true,"href":"https:\/\/aletheia-onlinezeitung.de\/index.php?rest_route=%2Fwp%2Fv2%2Fcategories&post=128"},{"taxonomy":"post_tag","embeddable":true,"href":"https:\/\/aletheia-onlinezeitung.de\/index.php?rest_route=%2Fwp%2Fv2%2Ftags&post=128"}],"curies":[{"name":"wp","href":"https:\/\/api.w.org\/{rel}","templated":true}]}}