{"id":221,"date":"2011-03-13T09:32:57","date_gmt":"2011-03-13T09:32:57","guid":{"rendered":"http:\/\/aletheia-onlinezeitung.de\/?p=221"},"modified":"2011-03-13T09:32:57","modified_gmt":"2011-03-13T09:32:57","slug":"spd-und-grune-politisieren-akw-explosion-in-japan","status":"publish","type":"post","link":"https:\/\/aletheia-onlinezeitung.de\/?p=221","title":{"rendered":"SPD und Gr\u00fcne politisieren AKW-Explosion in Japan"},"content":{"rendered":"<p>Die Welt blickt mit Spannung und Sorge nach <strong>Japan<\/strong>. Nach dem <strong>Mega-Beben <\/strong>und dem verheerenden <strong>Tsunami<\/strong>, der Tausende Todesopfer gefordert hat (noch immer werden in einer besonders betroffenen K\u00fcstenstadt knapp 10.000 Menschen vermisst), zeigen sich immer mehr Probleme mit Atomkraftwerken in Japan. Nach der Explosion im AKW Fukushima 1 herrscht Unklarheit \u00fcber die Folgen. In Deutschland hat sich derweilen die Opposition ger\u00fcstet und zettelt auf \u00e4u\u00dferst fragw\u00fcrdige Weise eine Diskussion an.<!--more--><\/p>\n<p>Atomkraftwerke bergen ein Risiko und die Gefahren d\u00fcrfen selbstverst\u00e4ndlich nicht untersch\u00e4tzt werden. Seit Jahren liegen die Meinungen zwischen Regierung und Opposition weit auseinander. W\u00e4hrend die Regierung die Laufzeiten verl\u00e4ngerte, nutzen SPD und Gr\u00fcne die verheerende Naturkatastrophe in Japan um sich politisch zu etablieren. Das ist noch nichts Schlechtes, denn eine Diskussion sollte stattfinden. Jedoch zeigen sich Politiker der Gr\u00fcnen und der SPD fast schon schamlos und piet\u00e4tslos. Es scheint als komme das Mega-Beben und seine Folgen in Japan zur rechten Zeit. Ohne abzuwarten, was in Japan eigentlich mit den Atomkraftwerken passiert und ohne genaue Informationen zu haben, wird mit dem Mega-Beben in den Wahlkampf gezogen.<\/p>\n<p>W\u00e4hrend in Japan wohl Tausende Tote zu beklagen sind und Hunderttausende alles verloren haben, setzt man in der Opposition auf einen fast schon sch\u00e4bigen Wahlkampf, statt sich f\u00fcr Japan und seine Menschen zu interessieren. Fast k\u00f6nne man meinen, dass in Deutschland 10 oder 20 tektonische Platten vorhanden sind, t\u00e4glich aneinander reiben und Hunderte Erdbeben etwas Normales in Deutschland sind und so jedes AKW durch ein deutsches Erdbeben vom Super-Gau betroffen sein wird.<\/p>\n<p>Die Diskussion um die Sicherheit von Atom-Meilern muss gef\u00fchrt werden und sie ist wichtig, Sicherheitsaspekte m\u00fcssen ganz neu betrachtet werden, so wie dies Bundeskanzlerin Merkel am Samstagabend auch sagt. Jedoch ist es in der Tat ein wenig unanst\u00e4ndig und vielleicht sogar den Menschen in Japan gegen\u00fcber ein wenig verachtend, wenn nun alle einfach wild durcheinander schreien und so tun, als w\u00fcrden morgen alle AKWs in Deutschland explodieren. Etwas mehr Bedacht und Realit\u00e4t tut auch in der Politik gut.<\/p>\n","protected":false},"excerpt":{"rendered":"<p>Die Welt blickt mit Spannung und Sorge nach Japan. Nach dem Mega-Beben und dem verheerenden Tsunami, der Tausende Todesopfer gefordert hat (noch immer werden in einer besonders betroffenen K\u00fcstenstadt knapp 10.000 Menschen vermisst), zeigen sich immer mehr Probleme mit Atomkraftwerken in Japan. Nach der Explosion im AKW Fukushima 1 herrscht Unklarheit \u00fcber die Folgen. In &hellip; <\/p>\n<p class=\"link-more\"><a href=\"https:\/\/aletheia-onlinezeitung.de\/?p=221\" class=\"more-link\"><span class=\"screen-reader-text\">\u201eSPD und Gr\u00fcne politisieren AKW-Explosion in Japan\u201c<\/span> weiterlesen<\/a><\/p>\n","protected":false},"author":1,"featured_media":0,"comment_status":"open","ping_status":"closed","sticky":false,"template":"","format":"standard","meta":{"footnotes":""},"categories":[6,9,10,12,13],"tags":[27,32,58,70,79,107,115],"class_list":["post-221","post","type-post","status-publish","format-standard","hentry","category-politik","category-technik","category-umweltpolitik","category-weltgeschehen","category-wirtschaft","tag-akw","tag-atomkraftwerke","tag-erdbeben","tag-grune","tag-japan","tag-spd","tag-tsunami","entry"],"jetpack_featured_media_url":"","_links":{"self":[{"href":"https:\/\/aletheia-onlinezeitung.de\/index.php?rest_route=\/wp\/v2\/posts\/221","targetHints":{"allow":["GET"]}}],"collection":[{"href":"https:\/\/aletheia-onlinezeitung.de\/index.php?rest_route=\/wp\/v2\/posts"}],"about":[{"href":"https:\/\/aletheia-onlinezeitung.de\/index.php?rest_route=\/wp\/v2\/types\/post"}],"author":[{"embeddable":true,"href":"https:\/\/aletheia-onlinezeitung.de\/index.php?rest_route=\/wp\/v2\/users\/1"}],"replies":[{"embeddable":true,"href":"https:\/\/aletheia-onlinezeitung.de\/index.php?rest_route=%2Fwp%2Fv2%2Fcomments&post=221"}],"version-history":[{"count":0,"href":"https:\/\/aletheia-onlinezeitung.de\/index.php?rest_route=\/wp\/v2\/posts\/221\/revisions"}],"wp:attachment":[{"href":"https:\/\/aletheia-onlinezeitung.de\/index.php?rest_route=%2Fwp%2Fv2%2Fmedia&parent=221"}],"wp:term":[{"taxonomy":"category","embeddable":true,"href":"https:\/\/aletheia-onlinezeitung.de\/index.php?rest_route=%2Fwp%2Fv2%2Fcategories&post=221"},{"taxonomy":"post_tag","embeddable":true,"href":"https:\/\/aletheia-onlinezeitung.de\/index.php?rest_route=%2Fwp%2Fv2%2Ftags&post=221"}],"curies":[{"name":"wp","href":"https:\/\/api.w.org\/{rel}","templated":true}]}}