{"id":229,"date":"2011-03-17T05:37:25","date_gmt":"2011-03-17T05:37:25","guid":{"rendered":"http:\/\/aletheia-onlinezeitung.de\/?p=229"},"modified":"2011-03-17T05:37:25","modified_gmt":"2011-03-17T05:37:25","slug":"eskalation-in-bahrain","status":"publish","type":"post","link":"https:\/\/aletheia-onlinezeitung.de\/?p=229","title":{"rendered":"Eskalation in Bahrain"},"content":{"rendered":"<p>Die arabische Welt kommt nicht zur Ruhe. Nach den erfolgreichen Protesten in Tunesien und \u00c4gypten, setzten Kritiker auch in dem Emirat <strong>Bahrain<\/strong> auf Demonstrationen und fordern einen politischen Wechsel. Regierungskritische Proteste sind aber wie in Libyen alles andere als gew\u00fcnscht und so versucht die Regierung mit allen Mitteln die Proteste zu unterdr\u00fccken und schreckt dabei auch nicht vor Gewalt zur\u00fcck. Es scheint als sei man bereit \u00e4hnlich wie in Libyen ein gewisses Risiko einzugehen. Deutliche Hinweise daf\u00fcr ist die Eskalation, die sich am Mittwoch in der Hauptstadt Manama abzeichnete.<!--more--><\/p>\n<p>Regierungsgegner demonstrierten auf dem Perlenplatz und machten ihrem Unmut Luft. Die schiitische Bev\u00f6lkerungsmehrheit f\u00fchlt sich von der sunnitischen Dynastie im Lande unterdr\u00fcckt und fordert einen Wechsel der Politik. Die Machthaber hingegen scheinen von einem Wechsel jedoch nichts zu halten und lassen Proteste gnadenlos niederschlagen. Auf dem Perlenplatz fuhren Panzer vor und Hunderte Soldaten und Polizisten r\u00e4umten den Platz gewaltsam. Unter anderem wurden dabei Tr\u00e4nengas-Granaten in die Menge gefeuert, mindestens f\u00fcnf Menschen sind bei der gewaltsamen R\u00e4umung ums Leben gekommen.<\/p>\n<p>Wie dramatisch die Lage ist, zeigt sich in der Brutalit\u00e4t mit der Soldaten und Polizisten vorgegangen sind. Nicht nur Tr\u00e4nengas, sondern auch scharfe Munition wurde bei der gewaltsamen R\u00e4umung eingesetzt, Dutzenden Verletzten wurde die Behandlung in einem Krankenhaus versagt, da dieses von Armee und Polizei abgeriegelt war. Das Innenministerium verfolgt jedoch eine ganz andere Informationspolitik und gab an, dass Demonstranten Zelte in Brand setzten und Gasflaschen zur Explosion gebracht haben. Zwei Polizisten sollen dabei ums Leben gekommen sein.<\/p>\n<p>Wie auch immer sich die Lage in Bahrain entwickelt, es hat den Anschein, dass Ver\u00e4nderungen wie in Tunesien und \u00c4gypten alles andere als gewollt sind. An Libyen ein Beispiel nehmend zeigt man sich stur und setzt auf Eskalation, statt auf Deeskalation. Mit genug Gewalt und der Niederschlagung von Demonstrationen wird man der Lage schon Herr werden und so soll wohl alles bleiben wie bisher. Es bleibt abzuwarten, welche Kreise diese Eskalation in der arabischen Welt ziehen wird.<\/p>\n","protected":false},"excerpt":{"rendered":"<p>Die arabische Welt kommt nicht zur Ruhe. Nach den erfolgreichen Protesten in Tunesien und \u00c4gypten, setzten Kritiker auch in dem Emirat Bahrain auf Demonstrationen und fordern einen politischen Wechsel. Regierungskritische Proteste sind aber wie in Libyen alles andere als gew\u00fcnscht und so versucht die Regierung mit allen Mitteln die Proteste zu unterdr\u00fccken und schreckt dabei &hellip; <\/p>\n<p class=\"link-more\"><a href=\"https:\/\/aletheia-onlinezeitung.de\/?p=229\" class=\"more-link\"><span class=\"screen-reader-text\">\u201eEskalation in Bahrain\u201c<\/span> weiterlesen<\/a><\/p>\n","protected":false},"author":1,"featured_media":0,"comment_status":"open","ping_status":"closed","sticky":false,"template":"","format":"standard","meta":{"footnotes":""},"categories":[6,7,12,13],"tags":[31,38,52,59],"class_list":["post-229","post","type-post","status-publish","format-standard","hentry","category-politik","category-sicherheitspolitik","category-weltgeschehen","category-wirtschaft","tag-arabische-welt","tag-bahrain","tag-demonstration","tag-eskalation","entry"],"jetpack_featured_media_url":"","_links":{"self":[{"href":"https:\/\/aletheia-onlinezeitung.de\/index.php?rest_route=\/wp\/v2\/posts\/229","targetHints":{"allow":["GET"]}}],"collection":[{"href":"https:\/\/aletheia-onlinezeitung.de\/index.php?rest_route=\/wp\/v2\/posts"}],"about":[{"href":"https:\/\/aletheia-onlinezeitung.de\/index.php?rest_route=\/wp\/v2\/types\/post"}],"author":[{"embeddable":true,"href":"https:\/\/aletheia-onlinezeitung.de\/index.php?rest_route=\/wp\/v2\/users\/1"}],"replies":[{"embeddable":true,"href":"https:\/\/aletheia-onlinezeitung.de\/index.php?rest_route=%2Fwp%2Fv2%2Fcomments&post=229"}],"version-history":[{"count":0,"href":"https:\/\/aletheia-onlinezeitung.de\/index.php?rest_route=\/wp\/v2\/posts\/229\/revisions"}],"wp:attachment":[{"href":"https:\/\/aletheia-onlinezeitung.de\/index.php?rest_route=%2Fwp%2Fv2%2Fmedia&parent=229"}],"wp:term":[{"taxonomy":"category","embeddable":true,"href":"https:\/\/aletheia-onlinezeitung.de\/index.php?rest_route=%2Fwp%2Fv2%2Fcategories&post=229"},{"taxonomy":"post_tag","embeddable":true,"href":"https:\/\/aletheia-onlinezeitung.de\/index.php?rest_route=%2Fwp%2Fv2%2Ftags&post=229"}],"curies":[{"name":"wp","href":"https:\/\/api.w.org\/{rel}","templated":true}]}}