{"id":242,"date":"2011-07-13T14:11:20","date_gmt":"2011-07-13T14:11:20","guid":{"rendered":"http:\/\/aletheia-onlinezeitung.de\/?p=242"},"modified":"2011-07-13T14:11:20","modified_gmt":"2011-07-13T14:11:20","slug":"mehr-verantwortung-fur-deutschland-in-der-euro-krise","status":"publish","type":"post","link":"https:\/\/aletheia-onlinezeitung.de\/?p=242","title":{"rendered":"Mehr Verantwortung f\u00fcr Deutschland in der Euro-Krise"},"content":{"rendered":"<p><strong>Weil es noch keinen Sondergipfel zur Verschuldung Italiens und Irlands gibt, muss die Bundesregierung harsche Kritik vom niederl\u00e4ndischen Finanzminister einstecken. Deutschland komme seiner Vorreiterrolle in Europa nicht nach.<\/strong><\/p>\n<p>Aktuell sieht es d\u00fcster mit den Finanzen der europ\u00e4ischen L\u00e4ndern ans: Alle L\u00e4nder der EU sind verschuldet. Einigen steht das Wasser allerdings bis zum Kopf: seit dieser Woche ist nach Griechenland und Portugalauch auch die drittgr\u00f6\u00dfte Volkswirtschaft der Euro-Zone<!--more--> aufgrund der immensen Staatsverschuldung zur Zielscheibe der Finanzm\u00e4rkte geworden. Italienische Staatsanleihen haben mit 6% den h\u00f6chsten Zinssatz seit fast f\u00fcnfzehn Jahren. Das bringt zwar kurzfristig Geld in die leeren italienischen Kassen, wird der italienischen Zentralbank zufolge, aber langfristig enorme finanzielle Konsequenzen haben. Das italienische Parlament plant unterdes noch diese Woche ein 40 Milliarden Euro Sparpaket um das Vertrauen der Europ\u00e4er in die Zahlungsf\u00e4higkeit Italiens wiederherzustellen. Auch damit ist Italien allerdings noch meilenweit von einem ausgeglichenen Haushalt entfernt.<br \/>\n\u201eEs w\u00e4re gut, wenn Deutschland mehr F\u00fchrung \u00fcbern\u00e4hme\u201c, sagte der niederl\u00e4ndische Finanzminister De Jager dem niederl\u00e4ndischen Wochenmagazin \u201eVrij Nederland\u201c am Mittwoch und forderte damit die deutsche Bundesregierung direkt zu aktiverem Handeln in der Euro-Schuldenkrise auf. Hintergrund des ganzen ist die Haltung Deutschlands zur Beteiligung des privaten Finanzsektors zur Bek\u00e4mpfung der Finanzkrise im Euro-Raum: momentan verzichtet Bundeskanzlerin Angela Merkel (CDU) in Zusammenarbeit mit Frankreichs Staatspr\u00e4sident Nicolas Sarkozy auf eine verpflichtende Beteiligung des Bankensektors. De Jager vertritt allerdings die klarformulierte Haltung der niederl\u00e4ndischen Regierung, die eine verpflichtende Beteiligung des Bankensenktors fordert, weil diese die Euro-Krise ja ausgel\u00f6st haben. So schockte De Jager die M\u00e4rkte mit der Forderung, dass die Banken notfalls gezwungen werden m\u00fcssten, sich an neuen Griechenlandhilfen zu beteiligen. <\/p>\n","protected":false},"excerpt":{"rendered":"<p>Weil es noch keinen Sondergipfel zur Verschuldung Italiens und Irlands gibt, muss die Bundesregierung harsche Kritik vom niederl\u00e4ndischen Finanzminister einstecken. Deutschland komme seiner Vorreiterrolle in Europa nicht nach. Aktuell sieht es d\u00fcster mit den Finanzen der europ\u00e4ischen L\u00e4ndern ans: Alle L\u00e4nder der EU sind verschuldet. Einigen steht das Wasser allerdings bis zum Kopf: seit dieser &hellip; <\/p>\n<p class=\"link-more\"><a href=\"https:\/\/aletheia-onlinezeitung.de\/?p=242\" class=\"more-link\"><span class=\"screen-reader-text\">\u201eMehr Verantwortung f\u00fcr Deutschland in der Euro-Krise\u201c<\/span> weiterlesen<\/a><\/p>\n","protected":false},"author":1,"featured_media":0,"comment_status":"open","ping_status":"closed","sticky":false,"template":"","format":"standard","meta":{"footnotes":""},"categories":[16,6],"tags":[],"class_list":["post-242","post","type-post","status-publish","format-standard","hentry","category-finanzpolitik","category-politik","entry"],"jetpack_featured_media_url":"","_links":{"self":[{"href":"https:\/\/aletheia-onlinezeitung.de\/index.php?rest_route=\/wp\/v2\/posts\/242","targetHints":{"allow":["GET"]}}],"collection":[{"href":"https:\/\/aletheia-onlinezeitung.de\/index.php?rest_route=\/wp\/v2\/posts"}],"about":[{"href":"https:\/\/aletheia-onlinezeitung.de\/index.php?rest_route=\/wp\/v2\/types\/post"}],"author":[{"embeddable":true,"href":"https:\/\/aletheia-onlinezeitung.de\/index.php?rest_route=\/wp\/v2\/users\/1"}],"replies":[{"embeddable":true,"href":"https:\/\/aletheia-onlinezeitung.de\/index.php?rest_route=%2Fwp%2Fv2%2Fcomments&post=242"}],"version-history":[{"count":0,"href":"https:\/\/aletheia-onlinezeitung.de\/index.php?rest_route=\/wp\/v2\/posts\/242\/revisions"}],"wp:attachment":[{"href":"https:\/\/aletheia-onlinezeitung.de\/index.php?rest_route=%2Fwp%2Fv2%2Fmedia&parent=242"}],"wp:term":[{"taxonomy":"category","embeddable":true,"href":"https:\/\/aletheia-onlinezeitung.de\/index.php?rest_route=%2Fwp%2Fv2%2Fcategories&post=242"},{"taxonomy":"post_tag","embeddable":true,"href":"https:\/\/aletheia-onlinezeitung.de\/index.php?rest_route=%2Fwp%2Fv2%2Ftags&post=242"}],"curies":[{"name":"wp","href":"https:\/\/api.w.org\/{rel}","templated":true}]}}