{"id":29,"date":"2009-10-01T15:04:23","date_gmt":"2009-10-01T15:04:23","guid":{"rendered":"http:\/\/localhost\/zeitung\/?p=29"},"modified":"2009-10-01T15:04:23","modified_gmt":"2009-10-01T15:04:23","slug":"westerwelle-fordert-reformen-von-der-turkei","status":"publish","type":"post","link":"https:\/\/aletheia-onlinezeitung.de\/?p=29","title":{"rendered":"Westerwelle fordert Reformen von der T\u00fcrkei"},"content":{"rendered":"<p>Beitritt in die Europ\u00e4ische Union wird der T\u00fcrkei nach Westerwelle noch weitere Reformen abverlangen<br \/>\nNachdem sich die CDU gegen eine EU &#8211; Mitgliedschaft der T\u00fcrkei ausgesprochen hatte, waren die Beitrittsverhandlungen f\u00fcr die europ\u00e4ische Union mit der T\u00fcrkei erst einmal auf Eis gelegt. Doch Guido Westerwelle fordert viel, er\u00f6ffnet der T\u00fcrkei aber neue Beitrittsperspektiven zur Europ\u00e4ischen Union.<!--more--><br \/>\nDie T\u00fcrkei ist Mitglied der NATO, 2,7 Millionen Einwohner Deutschlands haben t\u00fcrkische Wurzeln und zur G20 z\u00e4hlt man das auf dem europ\u00e4ischen sowie dem asiatischen Kontinent auch noch. Eigentlich hervorragende Beitrittsvoraussetzungen f\u00fcr die T\u00fcrkei um Mitglied der Europ\u00e4ischen Union zu werden. Doch neben \u00c4ngsten innerhalb der Europ\u00e4ischen Union, beispielsweise das die Erweiterung der Europ\u00e4ischen Union durch die Verbreitung auf den asiatischen Kontinent dem Wachstum des Staatenverbands keine Grenzen mehr setzen w\u00fcrde und das die T\u00fcrkei innerhalb der Europ\u00e4ischen Union aufgrund ihrer gro\u00dfen Bev\u00f6lkerung zuviel Macht h\u00e4tte, sieht man die Gesetzgebung in der T\u00fcrkei noch nicht auf einem Stand, der den Bed\u00fcrfnissen der restlichen europ\u00e4ischen Staaten als Grundvoraussetzung f\u00fcr einen Beitritt dient. Doch statt den T\u00fcrkei &#8211; Beitritt zur Europ\u00e4ischen Union auf die lange Bank zu schieben, wie es die CDU eigentlich mit ihrem Konzept der &#8222;Priveligierten Partnerschaft&#8220; geplant hatte, hat Bundesau\u00dfenminister Guido Westerwelle der T\u00fcrkei nun erneut klare Reformvorgaben f\u00fcr einen Beitritt zur Europ\u00e4ischen Union gemacht. Bei seinem Treffen mit dem t\u00fcrkischen Au\u00dfenminister Ahmet Davutoglu und dem Ministerpr\u00e4sidenten Recep Tayyip Erdogan formulierte Westerwelle lobte Au\u00dfenminister Westerwelle die vergangenen Bestrebungen der T\u00fcrkei um den Beitritt zur Europ\u00e4ischen Union und forderte die Regierung auf die Bestrebungen fortzusetzen. Westerwelle selbst betonte auf die Frage ob der f\u00fcr die gesamte Bundesregierung spreche, dass er als deutscher Au\u00dfenminister und nicht als Tourist in die T\u00fcrkei gekommen sei. Bei dem Treffen sicherte Au\u00dfenminister Westerwelle der T\u00fcrkei zu, dass die Verhandlungen durch die Europ\u00e4ische Union in Zukunft weiterhin fair und zuverl\u00e4ssig gef\u00fchrt w\u00fcrden, auch wenn die Beitrittsverhandlungen noch als Ergebnisoffen deklariert sind. Westerwelle wird nach seiner T\u00fcrkei &#8211; Reise die morgen in Istanbul ausklingen wird weiter durch den nahen Osten reisen. Nachdem Westerwelle Saudi &#8211; Arabien und die anderen Golfstaaten an diesem Wochenende besucht hat wird er am Montag zur\u00fcck nach Deutschland zur\u00fcckkehren. Beitritt in die Europ\u00e4ische Union wird der T\u00fcrkei nach Westerwelle noch weitere Reformen abverlangen<\/p>\n","protected":false},"excerpt":{"rendered":"<p>Beitritt in die Europ\u00e4ische Union wird der T\u00fcrkei nach Westerwelle noch weitere Reformen abverlangen Nachdem sich die CDU gegen eine EU &#8211; Mitgliedschaft der T\u00fcrkei ausgesprochen hatte, waren die Beitrittsverhandlungen f\u00fcr die europ\u00e4ische Union mit der T\u00fcrkei erst einmal auf Eis gelegt. Doch Guido Westerwelle fordert viel, er\u00f6ffnet der T\u00fcrkei aber neue Beitrittsperspektiven zur Europ\u00e4ischen &hellip; <\/p>\n<p class=\"link-more\"><a href=\"https:\/\/aletheia-onlinezeitung.de\/?p=29\" class=\"more-link\"><span class=\"screen-reader-text\">\u201eWesterwelle fordert Reformen von der T\u00fcrkei\u201c<\/span> weiterlesen<\/a><\/p>\n","protected":false},"author":1,"featured_media":0,"comment_status":"open","ping_status":"closed","sticky":false,"template":"","format":"standard","meta":{"footnotes":""},"categories":[6,12],"tags":[],"class_list":["post-29","post","type-post","status-publish","format-standard","hentry","category-politik","category-weltgeschehen","entry"],"jetpack_featured_media_url":"","_links":{"self":[{"href":"https:\/\/aletheia-onlinezeitung.de\/index.php?rest_route=\/wp\/v2\/posts\/29","targetHints":{"allow":["GET"]}}],"collection":[{"href":"https:\/\/aletheia-onlinezeitung.de\/index.php?rest_route=\/wp\/v2\/posts"}],"about":[{"href":"https:\/\/aletheia-onlinezeitung.de\/index.php?rest_route=\/wp\/v2\/types\/post"}],"author":[{"embeddable":true,"href":"https:\/\/aletheia-onlinezeitung.de\/index.php?rest_route=\/wp\/v2\/users\/1"}],"replies":[{"embeddable":true,"href":"https:\/\/aletheia-onlinezeitung.de\/index.php?rest_route=%2Fwp%2Fv2%2Fcomments&post=29"}],"version-history":[{"count":0,"href":"https:\/\/aletheia-onlinezeitung.de\/index.php?rest_route=\/wp\/v2\/posts\/29\/revisions"}],"wp:attachment":[{"href":"https:\/\/aletheia-onlinezeitung.de\/index.php?rest_route=%2Fwp%2Fv2%2Fmedia&parent=29"}],"wp:term":[{"taxonomy":"category","embeddable":true,"href":"https:\/\/aletheia-onlinezeitung.de\/index.php?rest_route=%2Fwp%2Fv2%2Fcategories&post=29"},{"taxonomy":"post_tag","embeddable":true,"href":"https:\/\/aletheia-onlinezeitung.de\/index.php?rest_route=%2Fwp%2Fv2%2Ftags&post=29"}],"curies":[{"name":"wp","href":"https:\/\/api.w.org\/{rel}","templated":true}]}}