{"id":302,"date":"2010-12-12T14:31:03","date_gmt":"2010-12-12T14:31:03","guid":{"rendered":"http:\/\/localhost\/zeitung\/?p=4"},"modified":"2010-12-12T14:31:03","modified_gmt":"2010-12-12T14:31:03","slug":"tour-de-ski","status":"publish","type":"post","link":"https:\/\/aletheia-onlinezeitung.de\/?p=302","title":{"rendered":"Tour de Ski"},"content":{"rendered":"<p>Zu Beginn der Tour de Ski in Oberhof konnten die deutschen Langl\u00e4ufer voll \u00fcberzeugen. Langl\u00e4ufer Axel Teichmann gelang als Dritter sogar der Sprung auf das Podest. Bei den Damen erreichte die bestplatzierte Deutsche Miriam G\u00f6ssner in Oberhof den guten f\u00fcnften Platz.<!--more--><\/p>\n<p>Recht\u00adzei\u00adtig zum Olym\u00adpia-Jahr schei\u00adnen die deut\u00adschen Lang\u00adl\u00e4u\u00adfer in Ober\u00adhof wie\u00adder zu ge\u00adwohn\u00adter St\u00e4r\u00adke zu\u00adr\u00fcck zu\u00adfin\u00adden. Das star\u00adke Ab\u00adschnei\u00adden der deut\u00adschen Lang\u00adl\u00e4u\u00adfer beim Tour de Ski Event in Ober\u00adhof zeigt,dass sich die deut\u00adschen Lang\u00adl\u00e4u\u00adfer auf ih\u00adrem der\u00adzei\u00adti\u00adgen Sai\u00adson\u00adh\u00f6\u00adhe\u00adpunkt be\u00adfin\u00adden.<\/p>\n<p>Am En\u00adde des Be\u00adwerbs in Ober\u00adhof stand f\u00fcr die Lang\u00adl\u00e4u\u00adfer ein drit\u00adter Rang von Axel Teich\u00admann so\u00adwie ein f\u00fcnf\u00adter Platz von Mi\u00adri\u00adam G\u00f6ss\u00adner zu Bu\u00adche. Da\u00admit k\u00f6n\u00adnen die deut\u00adschen Lang\u00adl\u00e4u\u00adfer nach den ers\u00adten von drei Ober\u00adhof Be\u00adwer\u00adben wie\u00adder hoff\u00adnungs\u00advoll Rich\u00adtung Olym\u00adpia 2010 bli\u00adcken. Zwar konn\u00adten die Lang\u00adl\u00e4u\u00adfer ih\u00adre Sie\u00adge aus dem ver\u00adgan\u00adge\u00adnen Jahr nicht wie\u00adder\u00adho\u00adlen, je\u00addoch war in An\u00adbe\u00adtracht der eher schwa\u00adchen Er\u00adgeb\u00adnis im al\u00adten Jahr, ei\u00adne deut\u00adli\u00adche Stei\u00adge\u00adrung f\u00fcr die deut\u00adschen Lang\u00adl\u00e4u\u00adfer zu be\u00admer\u00adken. \u00dcber den Sieg in Ober\u00adhof konn\u00adte sich bei den Her\u00adren der Welt\u00adklas\u00adse Lang\u00adl\u00e4u\u00adfer und WM-Spit\u00adzen\u00adrei\u00adter Pet\u00adter Nor\u00adthug aus Nor\u00adwe\u00adgen freu\u00aden. Den Da\u00admenbe\u00adwerb in Ober\u00adhof konn\u00adte Pe\u00adtra Ma\u00adj\u00addic aus Slo\u00adwe\u00adni\u00aden f\u00fcr sich ent\u00adschei\u00adden.<\/p>\n<p>Sei\u00adnem Ziel, in den drei Ober\u00adhof Be\u00adwer\u00adben zwei\u00admal aufs Po\u00addest zu kom\u00admen, kam Axel Teich\u00admann da\u00addurch schon ei\u00adnen gro\u00ad\u00dfen Schritt n\u00e4\u00adher. F\u00fcr mor\u00adgen er\u00adwar\u00adtet sich der Lang\u00adl\u00e4u\u00adfer aus Th\u00fc\u00adrin\u00adgen noch mehr vom Ren\u00adnen, da er auf\u00adgrund der k\u00e4l\u00adte\u00adren Tem\u00adpe\u00adra\u00adtu\u00adren auf gu\u00adtes Ma\u00adte\u00adri\u00adal hof\u00adfen kann. Ne\u00adben dem rou\u00adti\u00adnier\u00adten Lang\u00adl\u00e4u\u00adfer Teich\u00admann konn\u00adte in Ober\u00adhof auch ein an\u00adde\u00adrer, jun\u00adger Ath\u00adlet f\u00fcr ein er\u00adfreu\u00adli\u00adches Er\u00adgeb\u00adnis sor\u00adgen. An\u00addre\u00adas Katz ge\u00adlang mit ei\u00adnem star\u00adken elf\u00adten Rang be\u00adreits in Ober\u00adhof die hal\u00adbe Olym\u00adpianorm. Vor al\u00adlem der Bun\u00addes\u00adtrai\u00adner Jo\u00adchen Beh\u00adle war von der Leis\u00adtung des jun\u00adgen Nach\u00adwuchs Lang\u00adl\u00e4u\u00adfers an\u00adge\u00adtan.<\/p>\n<p>Glei\u00adches trifft auf die Lang\u00adl\u00e4u\u00adfer im Da\u00admenbe\u00adwerb zu, die in Ober\u00adhof ihr kurz\u00adzei\u00adti\u00adges Form\u00adtief wohl end\u00adg\u00fcl\u00adtig \u00fcber\u00adwun\u00adden ha\u00adben d\u00fcrf\u00adten. Wie Lang\u00adl\u00e4u\u00adfer Teich\u00admann bei den Her\u00adren schaff\u00adte auch Mi\u00adri\u00adam G\u00f6ss\u00adner in Ober\u00adhof mit dem f\u00fcnf\u00adten Rang die Olym\u00adpianorm.<\/p>\n<p>Mit Clau\u00addia Ny\u00adstad konn\u00adte sich ei\u00adne wei\u00adte\u00adre DSV-Da\u00adme in Ober\u00adhof das Ti\u00adcket f\u00fcr die Spie\u00adle in Van\u00adcou\u00adver si\u00adchern. Das Trai\u00adner\u00adteam war vor al\u00adlem \u00fcber die star\u00adke Leis\u00adtung von G\u00f6ss\u00adner in Ober\u00adhof be\u00adgeis\u00adtert. G\u00f6ss\u00adner, die vor Ober\u00adhof be\u00adreits in der WM-Staf\u00adfel mit\u00adge\u00adwirkt hat, konn\u00adte den Da\u00admencoach und ehe\u00adma\u00adli\u00adgen Lang\u00adl\u00e4u\u00adfer Jan\u00adko Neu\u00adber rest\u00adlos \u00fcber\u00adzeu\u00adgen.<\/p>\n","protected":false},"excerpt":{"rendered":"<p>Zu Beginn der Tour de Ski in Oberhof konnten die deutschen Langl\u00e4ufer voll \u00fcberzeugen. Langl\u00e4ufer Axel Teichmann gelang als Dritter sogar der Sprung auf das Podest. Bei den Damen erreichte die bestplatzierte Deutsche Miriam G\u00f6ssner in Oberhof den guten f\u00fcnften Platz.<\/p>\n","protected":false},"author":1,"featured_media":0,"comment_status":"open","ping_status":"closed","sticky":false,"template":"","format":"standard","meta":{"footnotes":""},"categories":[8],"tags":[105],"class_list":["post-302","post","type-post","status-publish","format-standard","hentry","category-sport","tag-ski","entry"],"jetpack_featured_media_url":"","_links":{"self":[{"href":"https:\/\/aletheia-onlinezeitung.de\/index.php?rest_route=\/wp\/v2\/posts\/302","targetHints":{"allow":["GET"]}}],"collection":[{"href":"https:\/\/aletheia-onlinezeitung.de\/index.php?rest_route=\/wp\/v2\/posts"}],"about":[{"href":"https:\/\/aletheia-onlinezeitung.de\/index.php?rest_route=\/wp\/v2\/types\/post"}],"author":[{"embeddable":true,"href":"https:\/\/aletheia-onlinezeitung.de\/index.php?rest_route=\/wp\/v2\/users\/1"}],"replies":[{"embeddable":true,"href":"https:\/\/aletheia-onlinezeitung.de\/index.php?rest_route=%2Fwp%2Fv2%2Fcomments&post=302"}],"version-history":[{"count":0,"href":"https:\/\/aletheia-onlinezeitung.de\/index.php?rest_route=\/wp\/v2\/posts\/302\/revisions"}],"wp:attachment":[{"href":"https:\/\/aletheia-onlinezeitung.de\/index.php?rest_route=%2Fwp%2Fv2%2Fmedia&parent=302"}],"wp:term":[{"taxonomy":"category","embeddable":true,"href":"https:\/\/aletheia-onlinezeitung.de\/index.php?rest_route=%2Fwp%2Fv2%2Fcategories&post=302"},{"taxonomy":"post_tag","embeddable":true,"href":"https:\/\/aletheia-onlinezeitung.de\/index.php?rest_route=%2Fwp%2Fv2%2Ftags&post=302"}],"curies":[{"name":"wp","href":"https:\/\/api.w.org\/{rel}","templated":true}]}}