{"id":327,"date":"2010-03-02T08:20:01","date_gmt":"2010-03-02T08:20:01","guid":{"rendered":"http:\/\/localhost\/zeitung\/?p=19"},"modified":"2010-03-02T08:20:01","modified_gmt":"2010-03-02T08:20:01","slug":"champions-league-gruppenphase-vfb-stuttgart-sevilla","status":"publish","type":"post","link":"https:\/\/aletheia-onlinezeitung.de\/?p=327","title":{"rendered":"Champions League Gruppenphase VFB Stuttgart &#8211; Sevilla"},"content":{"rendered":"<p>Der VFB Stuttgart erreicht nach teilweise starker Leistung ein Unentschieden in der Champions-League Gruppenphase in Sevilla. Gut gespielt, aber nicht gewonnen. So k\u00f6nnte man das Spiel des VFB Stuttgart gegen den FC Sevilla beschreiben.<!--more--> Nachdem man nach einer schwachen ersten Halbzeit mit 0:1 in R\u00fcckstand geraten war, rechnete niemand mehr mit den Schwaben. Doch der VFB konnte am Ende noch einen Punkt aus Spanien entf\u00fchren.<br \/>\nDie Chancen des VFB Stuttgart sind durch das Spiel beim spanischen Topklub zwar nicht besser geworden, allerdings sind sie zumindest noch im Takt. Dazu m\u00fcsste der VFB Stuttgart in den kommenden beiden Champions-League Partien gegen die Rangers und den rum\u00e4nischen Vertreter Unirea Urziceni. Durch dieses Remis erh\u00f6hte sich die Zahl der sieglosen Spiele beim VFB Stuttgart auf sieben.<\/p>\n<p>Der VFB Stuttgart starte wie in letzer Zeit schon h\u00e4ufiger mit einer ziemlich durchwachsenen Leistung in dieses Spiel. Dabei h\u00e4tte der VFB Stuttgart bereits nach nur drei Spielminuten durch einen schnellen Konter f\u00fcr die schnelle F\u00fchrung k\u00f6nnen. Nach dieser Aktion war von den krisengesch\u00fcttelten Stuttgartern kaum mehr etwas zu sehen. W\u00e4hrend die Dominanz der Spanier am Spielfeld immer eklatanter wurde, wurden beim VFB Stuttgart gro\u00dfe technische M\u00e4ngel offenbart.<\/p>\n<p>Nach einer knappen Viertelstunde kam es dann wie es kommen musste. Durch eine Unachtsamkeit in der Stuttgarter Abwehr kam Mittelfeldmann Navas v\u00f6llig frei zum Schuss und netzte zur dieser Zeit verdienten F\u00fchrung f\u00fcr den FC Sevilla ein. Sp\u00e4testens als VFB Stuttgart Tormann Jens Lehmann nach etwa einer halben Stunde einen weiteren Treffer des 4-maligen spanischen Meisters verhindern konnte, dachten wohl nicht einmal mehr die k\u00fchnsten Optimisten an einen Punktegewinn des VFB Stuttgart. Doch knappe f\u00fcnf Minuten nach der tollen Parade Lehmanns hatte Artur Boka auf der Gegenseite pl\u00f6tzlich aus dem Nichts die M\u00f6glichkeit auf den Ausgleich. Die restlichen zehn Minuten der ersten Spielh\u00e4lfte pl\u00e4tscherte das Spiel dahin.<\/p>\n<p>Nach der Pause war der VFB Stuttgart dann nicht mehr wiederzuerkennen. Wie ausgewechselt kamen die Mannen von Trainer Markus Babbel aus der Kabine. Pl\u00f6tzlich spielte nur noch der VFB Stuttgart. Dabei h\u00e4tte es gar nicht lange bis zur F\u00fchrung dauern m\u00fcssen. Schon in den ersten zehn Minuten der zweiten H\u00e4lfte kamen die Schwaben zu zwei Gro\u00dfchancen. Zuerst traf der zur Pause eingewechselte Sebastian Rudy v\u00f6llig frei vor dem Tor den Ball nicht richtig. Nur wenige Augenblicke sp\u00e4ter hatte der VFB Stuttgart bei einem Lattenkopfball durch Pavel Pogrebnjak Pech. Trotz spielerischer \u00dcberlegenheit dauerte es bis zur 78. Minute als Zradvko Kuzmanovic f\u00fcr den erl\u00f6senden Ausgleichstreffer des VFB Stuttgart sorgte. Im Anschlu\u00df dr\u00fcckte der VFB Stuttgart sogar auf den Sieg, doch ein weiterer Treffer wollte nicht gelingen. Der VFB Stuttgart erreicht nach teilweise starker Leistung ein Unentschieden in der Champions-League Gruppenphase in Sevilla<\/p>\n","protected":false},"excerpt":{"rendered":"<p>Der VFB Stuttgart erreicht nach teilweise starker Leistung ein Unentschieden in der Champions-League Gruppenphase in Sevilla. Gut gespielt, aber nicht gewonnen. So k\u00f6nnte man das Spiel des VFB Stuttgart gegen den FC Sevilla beschreiben.<\/p>\n","protected":false},"author":1,"featured_media":0,"comment_status":"open","ping_status":"closed","sticky":false,"template":"","format":"standard","meta":{"footnotes":""},"categories":[],"tags":[],"class_list":["post-327","post","type-post","status-publish","format-standard","hentry","entry"],"jetpack_featured_media_url":"","_links":{"self":[{"href":"https:\/\/aletheia-onlinezeitung.de\/index.php?rest_route=\/wp\/v2\/posts\/327","targetHints":{"allow":["GET"]}}],"collection":[{"href":"https:\/\/aletheia-onlinezeitung.de\/index.php?rest_route=\/wp\/v2\/posts"}],"about":[{"href":"https:\/\/aletheia-onlinezeitung.de\/index.php?rest_route=\/wp\/v2\/types\/post"}],"author":[{"embeddable":true,"href":"https:\/\/aletheia-onlinezeitung.de\/index.php?rest_route=\/wp\/v2\/users\/1"}],"replies":[{"embeddable":true,"href":"https:\/\/aletheia-onlinezeitung.de\/index.php?rest_route=%2Fwp%2Fv2%2Fcomments&post=327"}],"version-history":[{"count":0,"href":"https:\/\/aletheia-onlinezeitung.de\/index.php?rest_route=\/wp\/v2\/posts\/327\/revisions"}],"wp:attachment":[{"href":"https:\/\/aletheia-onlinezeitung.de\/index.php?rest_route=%2Fwp%2Fv2%2Fmedia&parent=327"}],"wp:term":[{"taxonomy":"category","embeddable":true,"href":"https:\/\/aletheia-onlinezeitung.de\/index.php?rest_route=%2Fwp%2Fv2%2Fcategories&post=327"},{"taxonomy":"post_tag","embeddable":true,"href":"https:\/\/aletheia-onlinezeitung.de\/index.php?rest_route=%2Fwp%2Fv2%2Ftags&post=327"}],"curies":[{"name":"wp","href":"https:\/\/api.w.org\/{rel}","templated":true}]}}