{"id":328,"date":"2009-11-02T08:08:36","date_gmt":"2009-11-02T08:08:36","guid":{"rendered":"http:\/\/localhost\/zeitung\/?p=20"},"modified":"2009-11-02T08:08:36","modified_gmt":"2009-11-02T08:08:36","slug":"bund-stellt-staatshilfen-fur-opel-in-aussicht","status":"publish","type":"post","link":"https:\/\/aletheia-onlinezeitung.de\/?p=328","title":{"rendered":"Bund stellt Staatshilfen f\u00fcr Opel in Aussicht."},"content":{"rendered":"<p>Auch nach dem R\u00fcckzug vom verkauf von Opel an Magna will der Bund die Mitarbeiter von Opel nicht h\u00e4ngen lassen, und stellt indirekt Staatshilfen f\u00fcr die Rettung von Opel in Aussicht.<!--more--><\/p>\n<p>Auch nach mo\u00adna\u00adte\u00adlan\u00adgem Hin- und Her zwi\u00adchen US-Mut\u00adter\u00adkon\u00adzern GM und dem rus\u00adsi\u00adschen Zu\u00adlie\u00adfe\u00adrer Ma\u00adgna kann sich Deutsch\u00adland nicht vor der Ver\u00adant\u00adwor\u00adtung um die <strong>Zu\u00adkunft des Au\u00adto\u00adbau\u00aders Opel<\/strong> dr\u00fc\u00adcken. Fi\u00adnanz\u00admi\u00adnis\u00adter Wolf\u00adgang Sch\u00e4u\u00adb\u00adle sagt da\u00adzu, dass mit dem \u00dcber\u00adle\u00adben von Opel ne\u00adben den tau\u00adsen\u00adden Opel-&#8203; Mit\u00adar\u00adbei\u00adtern auch un\u00adz\u00e4h\u00adli\u00adge Men\u00adschen in Zu\u00adlie\u00adfer\u00adbe\u00adtrie\u00adben be\u00adtrof\u00adfen sind, und von ei\u00adner m\u00f6g\u00adli\u00adchen In\u00adsol\u00advenz (z.b. durch feh\u00adlen\u00adde Staats\u00adhil\u00adfen) gan\u00adze Re\u00adgio\u00adnen be\u00adtrof\u00adfen w\u00e4\u00adren. Ne\u00adben den 3 Mil\u00adli\u00adar\u00adden, die den Staat ei\u00adne Schlie\u00ad\u00dfung kos\u00adten w\u00fcr\u00adde, geht es auch um die Schick\u00adsa\u00adle der be\u00adtrof\u00adfe\u00adnen Men\u00adschen.<br \/>\nDie\u00adse an\u00adge\u00addeu\u00adte\u00adten Staats\u00adhil\u00adfen sind aber an Zu\u00adge\u00adst\u00e4nd\u00adnis\u00adse des Mut\u00adter\u00adkon\u00adzerns GM ge\u00adbun\u00adden. Die IG Me\u00adtall for\u00addert, dass es nur Staats\u00adhil\u00adfen ge\u00adben darf, wenn Stand\u00adort\u00adschlie\u00ad\u00dfun\u00adgen in Deutsch\u00adland aus\u00adge\u00adschlos\u00adsen sind. Au\u00ad\u00dfer\u00addem muss die Zu\u00adkunft f\u00fcr Opel nach\u00adweis\u00adlich lang\u00adfris\u00adtig auch oh\u00adne zu\u00adk\u00fcnf\u00adti\u00adge Staats\u00adhil\u00adfen ge\u00adsi\u00adchert sein, und die be\u00adreits ge\u00adw\u00e4hr\u00adte Staats\u00adhil\u00adfe in Form ei\u00adnes So\u00adfort\u00adkre\u00addi\u00adtes \u00fcber 1,5 Mil\u00adli\u00adar\u00adden Eu\u00adro muss so\u00adfort zu\u00adr\u00fcck\u00adge\u00adzahlt wer\u00adden. Laut FO\u00adCUS- &#8203;In\u00adfor\u00adma\u00adtio\u00adnen soll es in Wirk\u00adlich\u00adkeit um vier Mil\u00adli\u00adar\u00adden Eu\u00adro ge\u00adhen.<br \/>\nDie 1,5 Mrd. sol\u00adlen aus dem Deutsch\u00adland\u00adfond kom\u00admen, der mit 115 Mil\u00adli\u00adar\u00adden Eu\u00adro ge\u00adf\u00fcllt Fir\u00admen Hel\u00adfen soll, die durch die Wirt\u00adschafts\u00adkri\u00adse (un\u00adver\u00adschul\u00addet) in fi\u00adnanz\u00adpro\u00adble\u00adme ge\u00adra\u00adten sind. Nach\u00addem Bun\u00addes\u00adwirt\u00adschafts\u00admi\u00adnis\u00adter Rai\u00adner Br\u00fc\u00adder\u00adle die Staats\u00adhil\u00adfen f\u00fcr Opel end\u00adg\u00fcl\u00adtig ab\u00adge\u00adlehnt hat, teil\u00adte der in\u00adzwi\u00adschen wie\u00adder\u00ader\u00adstark\u00adte US-&#8203;Mut\u00adter\u00adkon\u00adzern GM mit, Opel selbst\u00adst\u00e4n\u00addig oh\u00adne Staats\u00adgel\u00adder sa\u00adnie\u00adren zu k\u00f6n\u00adnen.<\/p>\n","protected":false},"excerpt":{"rendered":"<p>Auch nach dem R\u00fcckzug vom verkauf von Opel an Magna will der Bund die Mitarbeiter von Opel nicht h\u00e4ngen lassen, und stellt indirekt Staatshilfen f\u00fcr die Rettung von Opel in Aussicht.<\/p>\n","protected":false},"author":1,"featured_media":0,"comment_status":"open","ping_status":"closed","sticky":false,"template":"","format":"standard","meta":{"footnotes":""},"categories":[],"tags":[],"class_list":["post-328","post","type-post","status-publish","format-standard","hentry","entry"],"jetpack_featured_media_url":"","_links":{"self":[{"href":"https:\/\/aletheia-onlinezeitung.de\/index.php?rest_route=\/wp\/v2\/posts\/328","targetHints":{"allow":["GET"]}}],"collection":[{"href":"https:\/\/aletheia-onlinezeitung.de\/index.php?rest_route=\/wp\/v2\/posts"}],"about":[{"href":"https:\/\/aletheia-onlinezeitung.de\/index.php?rest_route=\/wp\/v2\/types\/post"}],"author":[{"embeddable":true,"href":"https:\/\/aletheia-onlinezeitung.de\/index.php?rest_route=\/wp\/v2\/users\/1"}],"replies":[{"embeddable":true,"href":"https:\/\/aletheia-onlinezeitung.de\/index.php?rest_route=%2Fwp%2Fv2%2Fcomments&post=328"}],"version-history":[{"count":0,"href":"https:\/\/aletheia-onlinezeitung.de\/index.php?rest_route=\/wp\/v2\/posts\/328\/revisions"}],"wp:attachment":[{"href":"https:\/\/aletheia-onlinezeitung.de\/index.php?rest_route=%2Fwp%2Fv2%2Fmedia&parent=328"}],"wp:term":[{"taxonomy":"category","embeddable":true,"href":"https:\/\/aletheia-onlinezeitung.de\/index.php?rest_route=%2Fwp%2Fv2%2Fcategories&post=328"},{"taxonomy":"post_tag","embeddable":true,"href":"https:\/\/aletheia-onlinezeitung.de\/index.php?rest_route=%2Fwp%2Fv2%2Ftags&post=328"}],"curies":[{"name":"wp","href":"https:\/\/api.w.org\/{rel}","templated":true}]}}