{"id":329,"date":"2009-09-12T08:05:15","date_gmt":"2009-09-12T08:05:15","guid":{"rendered":"http:\/\/localhost\/zeitung\/?p=21"},"modified":"2009-09-12T08:05:15","modified_gmt":"2009-09-12T08:05:15","slug":"datenkauf-in-der-diskussion","status":"publish","type":"post","link":"https:\/\/aletheia-onlinezeitung.de\/?p=329","title":{"rendered":"Datenkauf in der Diskussion"},"content":{"rendered":"<p>Darf die Regierung <strong>gestohlene Daten kaufen<\/strong> um Steuerhinterzieher zu schnappen?<br \/>\n2008 wurde die Liechtenstein &#8211; Aff\u00e4re publik und zahlreiche Steuerbetr\u00fcger wurden aufgrund dieser Daten zu Steuernachzahlen in H\u00f6he von 147 Millionen Euro verpflichtet. F\u00fcr die Daten mussten 4 Millionen gezahlt werden. Jetzt steht in der Diskussion, ob der Finanzminister Daten f\u00fcr 2,5 Millionen Euro kaufen soll um eine zweite Welle der Steuerbetr\u00fcger zu entlarven und die Staatskassen zu f\u00fcllen.<!--more--><\/p>\n<p>Bun\u00addes\u00adkanz\u00adle\u00adrin Mer\u00adkel sprach sich \u00fcber\u00adra\u00adschend klar da\u00adf\u00fcr aus: &#8222;Vom Ziel her soll\u00adten wir, wenn die\u00adse Da\u00adten re\u00adle\u00advant sind, auch in den Be\u00adsitz die\u00adser Da\u00adten kom\u00admen&#8220; sag\u00adte An\u00adge\u00adla Mer\u00adkel und be\u00adton\u00adte da\u00admit, dass ein Kauf der Da\u00adten ge\u00adgen die Steu\u00ader\u00adbe\u00adtr\u00fc\u00adger f\u00fcr Sie ver\u00adtret\u00adbar sei. Bun\u00addes\u00adfi\u00adnanz\u00admi\u00adnis\u00adter Sch\u00e4u\u00adb\u00adle mel\u00adde\u00adte hin\u00adge\u00adgen Be\u00adden\u00adken an. Auch wenn der Kauf recht\u00adlich ver\u00adtret\u00adbar sei, w\u00fcr\u00adde sich die Bun\u00addes\u00adre\u00adgie\u00adrung doch in ei\u00adnem mo\u00adra\u00adli\u00adschem Di\u00adlem\u00adma be\u00adfin\u00adden wenn sie die Da\u00adten kauft. Schlie\u00df\u00adlich w\u00fcr\u00adde Sie die Da\u00adten von ei\u00adnem Be\u00adtr\u00fc\u00adger kau\u00adfen. Un\u00ader\u00adwar\u00adtet deut\u00adlich schlie\u00ad\u00dfen sich die SPD und die Gr\u00fc\u00adnen den Wunsch von Kanz\u00adle\u00adrin Mer\u00adkel an. Ein Ver\u00adzicht auf den Kauf w\u00e4\u00adre gleich\u00adbe\u00addeu\u00adtend mit Kli\u00aden\u00adtel\u00adpo\u00adli\u00adtik f\u00fcr Steu\u00ader\u00adbe\u00adtr\u00fc\u00adger. Ein mo\u00adra\u00adli\u00adsches Pro\u00adblem beim <strong>Kauf der Da\u00adten \u00fcber die Steu\u00ader\u00adbe\u00adtr\u00fc\u00adger<\/strong> sieht man hier auch nicht &#8211; schlie\u00df\u00adlich g\u00e4\u00adbe es auch in Straf\u00adver\u00adhand\u00adlun\u00adgen ei\u00adne Kron\u00adzeu\u00adgen\u00adre\u00adge\u00adlung bei der ein Kri\u00admi\u00adnel\u00adler an\u00adde\u00adre Kri\u00admi\u00adnel\u00adle be\u00adlas\u00adten kann oh\u00adne selbst dar\u00adun\u00adter zu lei\u00adden. Der Bun\u00addes\u00adda\u00adten\u00adschutz\u00adbe\u00adauf\u00adtrag\u00adte Pe\u00adter Schaar mel\u00adde\u00adte hin\u00adge\u00adgen schwe\u00adre Be\u00adden\u00adken ge\u00adgen den Kauf an. Auch die Steu\u00ader\u00adbe\u00adtr\u00fc\u00adger h\u00e4t\u00adten ein Recht auf Da\u00adten\u00adschutz das die Bun\u00addes\u00adre\u00adgie\u00adrung nicht ein\u00adfach mit F\u00fc\u00ad\u00dfen tre\u00adten k\u00f6n\u00adne.<br \/>\nNachtrag: Wie das Bundesfinanzministerium berichtet, hat der Bund gemeinsam mit Niedersachsen die umstrittene Steuerbetr\u00fcger-CD gekauft. Nachdem die CD im Februar zun\u00e4chst Baden-W\u00fcrttemberg angeboten wurden, und die dortige FTP-Regierung den Kauf abgelehnt hatte, hat man diesen Schritt nun unternommen. Nat\u00fcrlich werden alle Daten an die entsprechenden Bundesl\u00e4nder weitergegeben. Darf die Regierung gestohlene Daten kaufen um Steuerhinterzieher zu schnappen?<\/p>\n","protected":false},"excerpt":{"rendered":"<p>Darf die Regierung gestohlene Daten kaufen um Steuerhinterzieher zu schnappen? 2008 wurde die Liechtenstein &#8211; Aff\u00e4re publik und zahlreiche Steuerbetr\u00fcger wurden aufgrund dieser Daten zu Steuernachzahlen in H\u00f6he von 147 Millionen Euro verpflichtet. F\u00fcr die Daten mussten 4 Millionen gezahlt werden. Jetzt steht in der Diskussion, ob der Finanzminister Daten f\u00fcr 2,5 Millionen Euro kaufen &hellip; <\/p>\n<p class=\"link-more\"><a href=\"https:\/\/aletheia-onlinezeitung.de\/?p=329\" class=\"more-link\"><span class=\"screen-reader-text\">\u201eDatenkauf in der Diskussion\u201c<\/span> weiterlesen<\/a><\/p>\n","protected":false},"author":1,"featured_media":0,"comment_status":"open","ping_status":"closed","sticky":false,"template":"","format":"standard","meta":{"footnotes":""},"categories":[],"tags":[],"class_list":["post-329","post","type-post","status-publish","format-standard","hentry","entry"],"jetpack_featured_media_url":"","_links":{"self":[{"href":"https:\/\/aletheia-onlinezeitung.de\/index.php?rest_route=\/wp\/v2\/posts\/329","targetHints":{"allow":["GET"]}}],"collection":[{"href":"https:\/\/aletheia-onlinezeitung.de\/index.php?rest_route=\/wp\/v2\/posts"}],"about":[{"href":"https:\/\/aletheia-onlinezeitung.de\/index.php?rest_route=\/wp\/v2\/types\/post"}],"author":[{"embeddable":true,"href":"https:\/\/aletheia-onlinezeitung.de\/index.php?rest_route=\/wp\/v2\/users\/1"}],"replies":[{"embeddable":true,"href":"https:\/\/aletheia-onlinezeitung.de\/index.php?rest_route=%2Fwp%2Fv2%2Fcomments&post=329"}],"version-history":[{"count":0,"href":"https:\/\/aletheia-onlinezeitung.de\/index.php?rest_route=\/wp\/v2\/posts\/329\/revisions"}],"wp:attachment":[{"href":"https:\/\/aletheia-onlinezeitung.de\/index.php?rest_route=%2Fwp%2Fv2%2Fmedia&parent=329"}],"wp:term":[{"taxonomy":"category","embeddable":true,"href":"https:\/\/aletheia-onlinezeitung.de\/index.php?rest_route=%2Fwp%2Fv2%2Fcategories&post=329"},{"taxonomy":"post_tag","embeddable":true,"href":"https:\/\/aletheia-onlinezeitung.de\/index.php?rest_route=%2Fwp%2Fv2%2Ftags&post=329"}],"curies":[{"name":"wp","href":"https:\/\/api.w.org\/{rel}","templated":true}]}}