{"id":331,"date":"2010-01-20T07:58:23","date_gmt":"2010-01-20T07:58:23","guid":{"rendered":"http:\/\/localhost\/zeitung\/?p=23"},"modified":"2010-01-20T07:58:23","modified_gmt":"2010-01-20T07:58:23","slug":"bundesregierung-legt-neues-afghanistan-konzept-vor","status":"publish","type":"post","link":"https:\/\/aletheia-onlinezeitung.de\/?p=331","title":{"rendered":"Bundesregierung legt neues Afghanistan &#8211; Konzept vor"},"content":{"rendered":"<p><strong>Mehr Bundeswehrsoldaten f\u00fcr Afghanistan<\/strong> &#8211; Am 28. Januar findet die Afghanistan &#8211; Konkurrenz in London statt. Bundeskanzlerin Angela Merkel hat bereits jetzt ein neues Afghanistan &#8211; Konzept, inklusive Aufstockung des Bundeswehrkontingents, vorgestellt.<!--more--><br \/>\n5350 Mann &#8211; so gro\u00df wird die Truppenst\u00e4rke des Bundeswehrkontingents in Afghanistan wohl sein wenn die von Bundeskanzlerin Angela Merkel anvisierte Truppenaufstockung im Rahmen eines neuen Afghanistankonzeptes beschlossene Sache wird. Die Bundeskanzlerin nannte hierbei keinen konkreten Zeitrahmen f\u00fcr den Wiederabzug des internationalen Milit\u00e4rs aus Afghanistan. Zuvor hatte der afghanische Pr\u00e4sident, Karsai, der am 26. Januar zu Besuch in Deutschland war gegen\u00fcber Angela Merkel den Wunsch Afghanistans zum Ausdruck gebracht ab 2014 wieder selbst f\u00fcr die Sicherheit des Landes verantwortlich zu sein. Auch aus diesem Grund werden 500 der neu nach Afghanistan verlagerten Bundeswehrsoldaten auch der Ausbildung der afghanischen Armee und der afghanischen Polizei dienen. Doch Guido Westerwelle, Bundesvizekanzler und Au\u00dfenminister, fordert bereits jetzt ein klares Abzugsziel f\u00fcr die Bundeswehr. Ab 2011 k\u00f6nne der Abzug der Bundeswehr seiner Meinung nach langsam beginnen. Im Gegensatz zur Pr\u00e4senz der Bundeswehr ist man sich jedoch in einem Punkt einig: Die Aufbauhilfe f\u00fcr das arme Land muss erh\u00f6ht werden. So steigt die Aufbauhilfe von derzeit 220 Millionen Euro schrittweise auf 430 Millionen Euro. Nachtrag: Am 26. Februar hat der Deutsche Bundestag die Aufstockung des Bundeswehr-Kontingents in Afghanistan mit 429 zu 111 Stimmen (46 Enthaltungen) genehmigt. Hauptaufgaben der Soldaten soll neben den \u00fcblichen Patrouillen vor allem die Ausbildung afghanischer Sicherheitsbeamten (Polizei), sowie eine schnelle Reserve sein, um kurzfristig schnell eingreifen zu k\u00f6nnen. Wie berlinkontor.de berichtete weigerte sich vor allem die Linke einer Verl\u00e4ngerung des Mandats zuzustimmen, weil ihrer Meinung nach die Bundeswehr aktuell bei einem Krieg gegen die einfache Bev\u00f6lkerung ist.<\/p>\n","protected":false},"excerpt":{"rendered":"<p>Mehr Bundeswehrsoldaten f\u00fcr Afghanistan &#8211; Am 28. Januar findet die Afghanistan &#8211; Konkurrenz in London statt. Bundeskanzlerin Angela Merkel hat bereits jetzt ein neues Afghanistan &#8211; Konzept, inklusive Aufstockung des Bundeswehrkontingents, vorgestellt.<\/p>\n","protected":false},"author":1,"featured_media":0,"comment_status":"open","ping_status":"closed","sticky":false,"template":"","format":"standard","meta":{"footnotes":""},"categories":[],"tags":[],"class_list":["post-331","post","type-post","status-publish","format-standard","hentry","entry"],"jetpack_featured_media_url":"","_links":{"self":[{"href":"https:\/\/aletheia-onlinezeitung.de\/index.php?rest_route=\/wp\/v2\/posts\/331","targetHints":{"allow":["GET"]}}],"collection":[{"href":"https:\/\/aletheia-onlinezeitung.de\/index.php?rest_route=\/wp\/v2\/posts"}],"about":[{"href":"https:\/\/aletheia-onlinezeitung.de\/index.php?rest_route=\/wp\/v2\/types\/post"}],"author":[{"embeddable":true,"href":"https:\/\/aletheia-onlinezeitung.de\/index.php?rest_route=\/wp\/v2\/users\/1"}],"replies":[{"embeddable":true,"href":"https:\/\/aletheia-onlinezeitung.de\/index.php?rest_route=%2Fwp%2Fv2%2Fcomments&post=331"}],"version-history":[{"count":0,"href":"https:\/\/aletheia-onlinezeitung.de\/index.php?rest_route=\/wp\/v2\/posts\/331\/revisions"}],"wp:attachment":[{"href":"https:\/\/aletheia-onlinezeitung.de\/index.php?rest_route=%2Fwp%2Fv2%2Fmedia&parent=331"}],"wp:term":[{"taxonomy":"category","embeddable":true,"href":"https:\/\/aletheia-onlinezeitung.de\/index.php?rest_route=%2Fwp%2Fv2%2Fcategories&post=331"},{"taxonomy":"post_tag","embeddable":true,"href":"https:\/\/aletheia-onlinezeitung.de\/index.php?rest_route=%2Fwp%2Fv2%2Ftags&post=331"}],"curies":[{"name":"wp","href":"https:\/\/api.w.org\/{rel}","templated":true}]}}