{"id":340,"date":"2009-11-01T14:40:18","date_gmt":"2009-11-01T14:40:18","guid":{"rendered":"http:\/\/localhost\/zeitung\/?p=32"},"modified":"2009-11-01T14:40:18","modified_gmt":"2009-11-01T14:40:18","slug":"eu-mit-entwicklungshilfe-gegen-den-klimawandel","status":"publish","type":"post","link":"https:\/\/aletheia-onlinezeitung.de\/?p=340","title":{"rendered":"EU: Mit Entwicklungshilfe gegen den Klimawandel"},"content":{"rendered":"<p>Weltklimagipfel: Die EU spendiert den Entwicklungsl\u00e4ndern 7,2 Milliarden Euro gegen den Klimawandel<br \/>\nDer Weltklimagipfel bringt erste Ergebnisse: Die EU hat beschlossen \u00fcber die n\u00e4chsten 3 Jahre verteilt insgesamt 7,2 Milliarden Euro an Entwicklungsl\u00e4nder zu zahlen um diesen den Kampf gegen die Folgen des Klimawandels zu erm\u00f6glichen.<!--more--><\/p>\n<p>Die EU hat sich im Rah\u00admen des Welt\u00adkli\u00adma\u00adgip\u00adfels nun wohl ent\u00adschlos\u00adsen den Ent\u00adwick\u00adlungs\u00adl\u00e4n\u00addern in al\u00adler Welt bei der Ab\u00admil\u00adde\u00adrung der Fol\u00adgen des Kli\u00adma\u00adwan\u00addels zu hel\u00adfen. Hier\u00adzu sol\u00adlen Gel\u00adder in H\u00f6\u00adhe von 7,2 Mil\u00adli\u00adar\u00adden Eu\u00adro die an\u00adtei\u00adlig von al\u00adlen 27 EU &#8211; Staa\u00adten stammt ein\u00adge\u00adsetzt wer\u00adden. Der deut\u00adsche An\u00adteil an dem EU &#8211; Hilfs\u00adpa\u00adket f\u00fcr Ent\u00adwick\u00adlungs\u00adl\u00e4n\u00adder ge\u00adgen den Kli\u00adma\u00adwan\u00addel be\u00adtr\u00e4gt hier\u00adbei 1,26 Mil\u00adli\u00adar\u00adden Eu\u00adro. Da\u00admit hat der Welt\u00adkli\u00adma\u00adgip\u00adfel zu den ers\u00adten Ent\u00adschei\u00addun\u00adgen ge\u00adf\u00fchrt nach\u00addem sich die Staa\u00adten die\u00adser Welt bis\u00adlang noch nicht zu wei\u00adte\u00adren ver\u00adpflich\u00adten\u00adden Kli\u00adma\u00adzie\u00adlen durch\u00adrin\u00adgen konn\u00adten. Al\u00adler\u00addings ha\u00adben die EU &#8211; Staa\u00adten der Welt nach der Ver\u00adk\u00fcn\u00addi\u00adgung des Hilfs\u00adpa\u00adke\u00adtes f\u00fcr die Ent\u00adwick\u00adlungs\u00adl\u00e4n\u00adder ge\u00adgen den Kli\u00adma\u00adwan\u00addel ein neu\u00ades An\u00adge\u00adbot ins Ge\u00adspr\u00e4ch ge\u00adbracht. Und zwar wol\u00adlen die 27 eu\u00adro\u00adp\u00e4i\u00adschen Staa\u00adten sich auf dem Welt\u00adkli\u00adma\u00adgip\u00adfel ver\u00adpflich\u00adten die CO\u00b2 &#8211; Emis\u00adsio\u00adnen bis 2020 um zehn Pro\u00adzent\u00adpunk\u00adte st\u00e4r\u00adker als bis\u00adlang ge\u00adplant zu re\u00addu\u00adzie\u00adren. Ins\u00adge\u00adsamt w\u00e4\u00adren die Emis\u00adsio\u00adnen nach die\u00adsem An\u00adge\u00adbot im Jahr 2020 drei\u00ad\u00dfig Pro\u00adzent ge\u00adrin\u00adger als 1990. Vor\u00adaus\u00adset\u00adzung f\u00fcr die\u00adses An\u00adge\u00adbot ist aber, dass die an\u00adde\u00adren Staa\u00adten ei\u00adnen \u00e4hn\u00adli\u00adchen Bei\u00adtrag zur Be\u00adk\u00e4mp\u00adfung des Kli\u00adma\u00adwan\u00addels leis\u00adten w\u00fcr\u00adden. Ne\u00adben der EU sei\u00aden auch Ent\u00adwick\u00adlungs\u00adl\u00e4n\u00adder, ins\u00adbe\u00adson\u00adde\u00adre In\u00addi\u00aden und Chi\u00adna, in der Pflicht auf dem Welt\u00adkli\u00adma\u00adgip\u00adfel Kom\u00adpro\u00admis\u00adse ein\u00adzu\u00adge\u00adhen um bis 2050 den CO\u00b2 &#8211; Aus\u00adsto\u00df zu hal\u00adbie\u00adren und den Tem\u00adpe\u00adra\u00adtur\u00adan\u00adstieg auf zwei Grad Cel\u00adsi\u00adus zu be\u00adgren\u00adzen. Die En\u00adwick\u00adlungs\u00adl\u00e4n\u00adder hat\u00adten sich auf dem Welt\u00adkli\u00adma\u00adgip\u00adfel vor\u00adher nicht zu ei\u00adnem ent\u00adschie\u00adde\u00adnem Vor\u00adge\u00adhen ge\u00adgen den Kli\u00adma\u00adwan\u00addel durch\u00adrin\u00adgen k\u00f6n\u00adnen. Be\u00adgr\u00fcn\u00addet wur\u00adde das feh\u00adlen\u00adde En\u00adga\u00adge\u00adment beim Kampf ge\u00adgen den Kli\u00adma\u00adwan\u00addel in den Ent\u00adwick\u00adlungs\u00adl\u00e4n\u00addern und die man\u00adgeln\u00adde Be\u00adreit\u00adschaft zu ei\u00adner Ver\u00adpflich\u00adtung auf dem Welt\u00adkli\u00adma\u00adgip\u00adfel mit dem ge\u00adrin\u00adge\u00adrem Pro &#8211; Kopf &#8211; Aus\u00adsto\u00df an CO\u00b2 in den L\u00e4n\u00addern im Ver\u00adgleich zu Eu\u00adro\u00adpa. Auf dem Welt\u00adkli\u00adma\u00adgip\u00adfel ver\u00adhan\u00addeln mo\u00admen\u00adtan 191 Staa\u00adten der Er\u00adde, der gr\u00f6\u00df\u00adte Teil da\u00advon Ent\u00adwick\u00adlungs\u00adl\u00e4n\u00adder, um ih\u00adren An\u00adteil am Kampf ge\u00adgen den Kli\u00adma\u00adwan\u00addel.<\/p>\n","protected":false},"excerpt":{"rendered":"<p>Weltklimagipfel: Die EU spendiert den Entwicklungsl\u00e4ndern 7,2 Milliarden Euro gegen den Klimawandel Der Weltklimagipfel bringt erste Ergebnisse: Die EU hat beschlossen \u00fcber die n\u00e4chsten 3 Jahre verteilt insgesamt 7,2 Milliarden Euro an Entwicklungsl\u00e4nder zu zahlen um diesen den Kampf gegen die Folgen des Klimawandels zu erm\u00f6glichen.<\/p>\n","protected":false},"author":1,"featured_media":0,"comment_status":"open","ping_status":"closed","sticky":false,"template":"","format":"standard","meta":{"footnotes":""},"categories":[],"tags":[],"class_list":["post-340","post","type-post","status-publish","format-standard","hentry","entry"],"jetpack_featured_media_url":"","_links":{"self":[{"href":"https:\/\/aletheia-onlinezeitung.de\/index.php?rest_route=\/wp\/v2\/posts\/340","targetHints":{"allow":["GET"]}}],"collection":[{"href":"https:\/\/aletheia-onlinezeitung.de\/index.php?rest_route=\/wp\/v2\/posts"}],"about":[{"href":"https:\/\/aletheia-onlinezeitung.de\/index.php?rest_route=\/wp\/v2\/types\/post"}],"author":[{"embeddable":true,"href":"https:\/\/aletheia-onlinezeitung.de\/index.php?rest_route=\/wp\/v2\/users\/1"}],"replies":[{"embeddable":true,"href":"https:\/\/aletheia-onlinezeitung.de\/index.php?rest_route=%2Fwp%2Fv2%2Fcomments&post=340"}],"version-history":[{"count":0,"href":"https:\/\/aletheia-onlinezeitung.de\/index.php?rest_route=\/wp\/v2\/posts\/340\/revisions"}],"wp:attachment":[{"href":"https:\/\/aletheia-onlinezeitung.de\/index.php?rest_route=%2Fwp%2Fv2%2Fmedia&parent=340"}],"wp:term":[{"taxonomy":"category","embeddable":true,"href":"https:\/\/aletheia-onlinezeitung.de\/index.php?rest_route=%2Fwp%2Fv2%2Fcategories&post=340"},{"taxonomy":"post_tag","embeddable":true,"href":"https:\/\/aletheia-onlinezeitung.de\/index.php?rest_route=%2Fwp%2Fv2%2Ftags&post=340"}],"curies":[{"name":"wp","href":"https:\/\/api.w.org\/{rel}","templated":true}]}}