{"id":346,"date":"2009-11-01T14:32:29","date_gmt":"2009-11-01T14:32:29","guid":{"rendered":"http:\/\/localhost\/zeitung\/?p=38"},"modified":"2009-11-01T14:32:29","modified_gmt":"2009-11-01T14:32:29","slug":"koalitionsvertrag-die-geheimen-plane","status":"publish","type":"post","link":"https:\/\/aletheia-onlinezeitung.de\/?p=346","title":{"rendered":"Koalitionsvertrag: Die geheimen Pl\u00e4ne"},"content":{"rendered":"<p>Koalitionsvertrag: Schwarz-Gelben Regierung<br \/>\nDie beiden Koalitionspartner CDU\/CSU und FDP haben den Koalitionsvertrag bereits abgesegnet. Hier sehen Sie einen Auszug, was Merkel &amp; Co. in Ihrer zuk\u00fcnftigen Zusammenarbeit vorhaben.<br \/>\nSteuersenkungen:<!--more--><br \/>\nBis ins Jahr 2013 sollen bis zu 24 Milliarden Euro an weiteren Steuersenkungen umgesetzt werden. Ab Anfang n\u00e4chsten Jahres treten bereits Steuerentlastungen von etwa 14 Milliarden Euro, die noch in der vorherigen Koalition beschlossen wurden, ein.<br \/>\nMehr f\u00fcr Familien:<br \/>\nAm 1. Januar 2010 wird der Kinderfreibetrag von 6024 auf 7008 Euro angehoben werden. Dies soll aber nur der erste Schritt sein. Auch das Kindergeld wird um 12% angehoben.<br \/>\nEurop\u00e4ische Union:<br \/>\nDie Beitr\u00e4ge an die EU sollen in Zukunft h\u00f6chstens ein Prozent des Bruttonationaleinkommens betragen. Jegliche Art von Steuern, an denen die EU beteiligt sein sollte, lehnen die Koalitionspartner ab.<br \/>\nBundeswehr:<br \/>\nAuch die neue Koalition steht hinter dem Einsatz der Bundeswehr in Afghanistan. Allerdings soll die Verantwortung f\u00fcr die Sicherheit St\u00fcck f\u00fcr St\u00fcck an afghanische Soldaten \u00fcbergegeben werden. Wann die deutschen Soldaten wieder heimkehren sollen, ist bis dato noch unklar. Der Wehrdienst wird ab Januar 2011 von 9 auf 6 Monate verk\u00fcrzt.<br \/>\nInvestitionen:<br \/>\nIn Zukunft will die Koalition die Ausgaben f\u00fcr Bildung und Forschung auf einen Anteil von zehn Prozent des Bruttoinlandsproduktes erh\u00f6hen. Daf\u00fcr sind rund 25 Milliarden Euro notwendig, die sich Bund und L\u00e4nder gerecht teilen sollen<br \/>\nKrankenversicherung:<br \/>\nLeichter absetzbare Krankversicherungsbeitr\u00e4ge ist ein weiterer Punkt,auf den sich die schwarz-gelbe Koalition einigen konnte. Der umstrittene Gesundheitsfonds wird vorerst einmal bleiben. In naher Zukunft soll auch ein Solidarausgleich f\u00fcr sozial Schwache entstehen.<br \/>\nErbschaftssteuer:<br \/>\nBei der Erbschaftsteuer wird von der Koalition ein Stufentarif f\u00fcr Geschwister und ihre Kinder eingef\u00fchrt, um sie gegen\u00fcber Familienfremden besser zu behandeln. Auch Firmenerben werden entlastet. Koalitionsvertrag: Schwarz-Gelben Regierung<\/p>\n","protected":false},"excerpt":{"rendered":"<p>Koalitionsvertrag: Schwarz-Gelben Regierung Die beiden Koalitionspartner CDU\/CSU und FDP haben den Koalitionsvertrag bereits abgesegnet. Hier sehen Sie einen Auszug, was Merkel &amp; Co. in Ihrer zuk\u00fcnftigen Zusammenarbeit vorhaben. Steuersenkungen:<\/p>\n","protected":false},"author":1,"featured_media":0,"comment_status":"open","ping_status":"closed","sticky":false,"template":"","format":"standard","meta":{"footnotes":""},"categories":[],"tags":[],"class_list":["post-346","post","type-post","status-publish","format-standard","hentry","entry"],"jetpack_featured_media_url":"","_links":{"self":[{"href":"https:\/\/aletheia-onlinezeitung.de\/index.php?rest_route=\/wp\/v2\/posts\/346","targetHints":{"allow":["GET"]}}],"collection":[{"href":"https:\/\/aletheia-onlinezeitung.de\/index.php?rest_route=\/wp\/v2\/posts"}],"about":[{"href":"https:\/\/aletheia-onlinezeitung.de\/index.php?rest_route=\/wp\/v2\/types\/post"}],"author":[{"embeddable":true,"href":"https:\/\/aletheia-onlinezeitung.de\/index.php?rest_route=\/wp\/v2\/users\/1"}],"replies":[{"embeddable":true,"href":"https:\/\/aletheia-onlinezeitung.de\/index.php?rest_route=%2Fwp%2Fv2%2Fcomments&post=346"}],"version-history":[{"count":0,"href":"https:\/\/aletheia-onlinezeitung.de\/index.php?rest_route=\/wp\/v2\/posts\/346\/revisions"}],"wp:attachment":[{"href":"https:\/\/aletheia-onlinezeitung.de\/index.php?rest_route=%2Fwp%2Fv2%2Fmedia&parent=346"}],"wp:term":[{"taxonomy":"category","embeddable":true,"href":"https:\/\/aletheia-onlinezeitung.de\/index.php?rest_route=%2Fwp%2Fv2%2Fcategories&post=346"},{"taxonomy":"post_tag","embeddable":true,"href":"https:\/\/aletheia-onlinezeitung.de\/index.php?rest_route=%2Fwp%2Fv2%2Ftags&post=346"}],"curies":[{"name":"wp","href":"https:\/\/api.w.org\/{rel}","templated":true}]}}