{"id":35,"date":"2010-02-25T12:08:40","date_gmt":"2010-02-25T12:08:40","guid":{"rendered":"http:\/\/localhost\/zeitung\/?p=35"},"modified":"2010-02-25T12:08:40","modified_gmt":"2010-02-25T12:08:40","slug":"striktes-rauchverbot-in-bayern","status":"publish","type":"post","link":"https:\/\/aletheia-onlinezeitung.de\/?p=35","title":{"rendered":"Striktes Rauchverbot in Bayern"},"content":{"rendered":"<p>Per Volksabstimmung, dem direktestem Mittel der Demokratie, wird Bayern demn\u00e4chst entscheiden ob das Rauchverbot in der bayrischen \u00d6ffentlichkeit wieder versch\u00e4rft wird.<br \/>\nDas in ganz Deutschland geltende Rauchverbot unterliegt in der Durchf\u00fchrung den Bundesl\u00e4ndern. Bis 2008 galt das Rauchverbot in der \u00d6ffentlichkeit in Bayern sehr streng &#8211; nach der Wahl aber wurde es wieder gelockert. Die Bev\u00f6lkerung von Bayern hat nun in einem Volksbegehren der \u00d6DP eine Volksabstimmung \u00fcber das Rauchverbot erreicht um Bayern wieder ein strengeres Rauchverbot zu geben und damit wieder zum strengstem Bundesland Deutschlands zu machen.<!--more--><\/p>\n<p>Die Bun\u00addes\u00adre\u00adpu\u00adblik Deutsch\u00adland ist in ein\u00adzel\u00adne Bun\u00addes\u00adl\u00e4n\u00adder ge\u00adteilt die je\u00adweils ei\u00adne ei\u00adge\u00adne, sou\u00adve\u00adr\u00e4\u00adne, Ge\u00adsetz\u00adge\u00adbung ha\u00adben. Das hei\u00dft, so\u00adlan\u00adge die Lan\u00addes\u00adge\u00adset\u00adze nicht ge\u00adgen Bun\u00addes\u00adge\u00adset\u00adze oder die Ver\u00adfas\u00adsung ver\u00adsto\u00ad\u00dfen. Und so kommt es, das Bay\u00adern eben\u00adso wie der Rest von Deutsch\u00adland, sei\u00adne ei\u00adge\u00adnen Richt\u00adli\u00adni\u00aden f\u00fcr den Nicht\u00adrau\u00adcher\u00adschutz per Rauch\u00adver\u00adbot ver\u00adord\u00adnen kann. Und dies wur\u00adde auch ge\u00adtan: Bay\u00adern f\u00fchr\u00adte ei\u00adnes der strengs\u00adten Rauch\u00adver\u00adbo\u00adte in der \u00d6f\u00adf\u00adent\u00adlich\u00adkeit ein. Doch 2008 wur\u00adde das Nicht\u00adrau\u00adcher\u00adschutz\u00adge\u00adsetz durch die CDU \/ FDP &#8211; Re\u00adgie\u00adrung wie\u00adder ge\u00adlo\u00adckert, wes\u00adwe\u00adgen seit Au\u00adgust 2009 das Rau\u00adchen in Bier\u00adzel\u00adten, Bier\u00adstu\u00adben und spe\u00adzi\u00adel\u00adlen Rau\u00adcher\u00adr\u00e4u\u00admen in Gast\u00adst\u00e4t\u00adten nun wie\u00adder er\u00adlaubt ist. Doch die\u00adser Um\u00adstand scheint vie\u00adlen Bay\u00adern zu miss\u00adfal\u00adlen. Ein von der \u00d6DP in\u00aditi\u00adier\u00adtes Volks\u00adbe\u00adgeh\u00adren \u00fcber das Rauch\u00adver\u00adbot in Bay\u00adern, Deutsch\u00adlands s\u00fcd\u00adlichs\u00adtem Bun\u00addes\u00adland, hat die Zehn Pro\u00adzent H\u00fcr\u00adde in der bay\u00adri\u00adschen Be\u00adv\u00f6l\u00adke\u00adrung ge\u00adnom\u00admen und wird al\u00adso dem\u00adn\u00e4chst zur Volks\u00adab\u00adstim\u00admung ste\u00adhen au\u00ad\u00dfer die Lan\u00addes\u00adre\u00adgie\u00adrung Bay\u00aderns \u00fcber\u00adnimmt den Ge\u00adset\u00adzes\u00adent\u00adwurf zum Rauch\u00adver\u00adbot vor\u00adher. Da\u00adnach sieht es aber nicht aus und so wird es wohl da\u00adzu kom\u00admen, dass die De\u00admo\u00adkra\u00adtie ei\u00adnen Schieds\u00adspruch f\u00e4l\u00adlen und ei\u00adne Volks\u00adab\u00adstim\u00admung ab\u00adhal\u00adten muss. Die in Bay\u00adern und Deutsch\u00adland oh\u00adne\u00adhin ge\u00adschw\u00e4ch\u00adte CSU ge\u00adr\u00e4t da\u00admit wei\u00adter ins Wa\u00adckeln. Ins\u00adge\u00adsamt wur\u00adden 1,3 Mil\u00adlio\u00adnen (von 940.000 n\u00f6\u00adti\u00adgen) Un\u00adter\u00adschrif\u00adten f\u00fcr das Volks\u00adbe\u00adgeh\u00adren ge\u00adsam\u00admelt. In Deutsch\u00adland wird nun auch in NRW ein neu\u00ades Nicht\u00adrau\u00adcher\u00adschutz\u00adge\u00adsetz per Volks\u00adab\u00adstim\u00admung an\u00adge\u00adstrebt. Ex\u00adper\u00adten be\u00adm\u00e4n\u00adgeln das die von der \u00d6DP an\u00adge\u00adstreb\u00adte Ge\u00adset\u00adzes\u00ad\u00e4n\u00adde\u00adrung im Be\u00adzug auf das Rauch\u00adver\u00adbot in Bay\u00adern zu mas\u00adsi\u00adven Frei\u00adheits\u00adein\u00adschr\u00e4n\u00adkun\u00adgen der in Bay\u00adern hei\u00admi\u00adschen Rau\u00adchern f\u00fch\u00adren k\u00f6nn\u00adte. Das Rauch\u00adver\u00adbot wur\u00adde in ers\u00adter Li\u00adnie zum Schutz von Gas\u00adtro\u00adno\u00admie\u00adper\u00adso\u00adnal ge\u00adschaf\u00adfen.<\/p>\n","protected":false},"excerpt":{"rendered":"<p>Per Volksabstimmung, dem direktestem Mittel der Demokratie, wird Bayern demn\u00e4chst entscheiden ob das Rauchverbot in der bayrischen \u00d6ffentlichkeit wieder versch\u00e4rft wird. Das in ganz Deutschland geltende Rauchverbot unterliegt in der Durchf\u00fchrung den Bundesl\u00e4ndern. Bis 2008 galt das Rauchverbot in der \u00d6ffentlichkeit in Bayern sehr streng &#8211; nach der Wahl aber wurde es wieder gelockert. Die &hellip; <\/p>\n<p class=\"link-more\"><a href=\"https:\/\/aletheia-onlinezeitung.de\/?p=35\" class=\"more-link\"><span class=\"screen-reader-text\">\u201eStriktes Rauchverbot in Bayern\u201c<\/span> weiterlesen<\/a><\/p>\n","protected":false},"author":1,"featured_media":0,"comment_status":"open","ping_status":"closed","sticky":false,"template":"","format":"standard","meta":{"footnotes":""},"categories":[18,6],"tags":[],"class_list":["post-35","post","type-post","status-publish","format-standard","hentry","category-gesundheitspolitik","category-politik","entry"],"jetpack_featured_media_url":"","_links":{"self":[{"href":"https:\/\/aletheia-onlinezeitung.de\/index.php?rest_route=\/wp\/v2\/posts\/35","targetHints":{"allow":["GET"]}}],"collection":[{"href":"https:\/\/aletheia-onlinezeitung.de\/index.php?rest_route=\/wp\/v2\/posts"}],"about":[{"href":"https:\/\/aletheia-onlinezeitung.de\/index.php?rest_route=\/wp\/v2\/types\/post"}],"author":[{"embeddable":true,"href":"https:\/\/aletheia-onlinezeitung.de\/index.php?rest_route=\/wp\/v2\/users\/1"}],"replies":[{"embeddable":true,"href":"https:\/\/aletheia-onlinezeitung.de\/index.php?rest_route=%2Fwp%2Fv2%2Fcomments&post=35"}],"version-history":[{"count":0,"href":"https:\/\/aletheia-onlinezeitung.de\/index.php?rest_route=\/wp\/v2\/posts\/35\/revisions"}],"wp:attachment":[{"href":"https:\/\/aletheia-onlinezeitung.de\/index.php?rest_route=%2Fwp%2Fv2%2Fmedia&parent=35"}],"wp:term":[{"taxonomy":"category","embeddable":true,"href":"https:\/\/aletheia-onlinezeitung.de\/index.php?rest_route=%2Fwp%2Fv2%2Fcategories&post=35"},{"taxonomy":"post_tag","embeddable":true,"href":"https:\/\/aletheia-onlinezeitung.de\/index.php?rest_route=%2Fwp%2Fv2%2Ftags&post=35"}],"curies":[{"name":"wp","href":"https:\/\/api.w.org\/{rel}","templated":true}]}}