{"id":37,"date":"2009-12-01T14:34:18","date_gmt":"2009-12-01T14:34:18","guid":{"rendered":"http:\/\/localhost\/zeitung\/?p=37"},"modified":"2009-12-01T14:34:18","modified_gmt":"2009-12-01T14:34:18","slug":"terrorbekampfung-im-jemen","status":"publish","type":"post","link":"https:\/\/aletheia-onlinezeitung.de\/?p=37","title":{"rendered":"Terrorbek\u00e4mpfung im Jemen"},"content":{"rendered":"<p>Nach Afghanistan und Pakistan werden die USA im Jemen gegen den Terrorismus durch Al Kaida aktiv<br \/>\nLaut Medienberichten sind die USA mit Spezialkr\u00e4ften zur Terrorbek\u00e4mpfung im Jemen aktiv. Diese Einheiten bilden jemenitische Sicherheitskr\u00e4fte im Kampf gegen den Terrorismus aus. <!--more-->Damit wollen sie Al Kaida keinen Raum zur Erholung lassen. Zudem gibt es Hinweise, dass sie den Kampf gegen den Terror auch ganz direkt im Jemen f\u00fchren.<\/p>\n<p>Der Golf von Aden vor Je\u00admen ist zwar f\u00fcr Pi\u00adra\u00adte\u00adrie be\u00adkannt und zwang vie\u00adle Staa\u00adten schon zu In\u00adter\u00adven\u00adtio\u00adnen ? doch das Pro\u00adblem des Ter\u00adro\u00adris\u00admus durch in\u00adter\u00adna\u00adtio\u00adna\u00adle Ter\u00adror\u00ador\u00adga\u00adni\u00adsa\u00adtio\u00adnen wie Al Kai\u00adda aso\u00adzi\u00adiert man nicht au\u00adto\u00adma\u00adtisch mit dem Je\u00admen, zu\u00admal die Pi\u00adra\u00adte\u00adrie in So\u00adma\u00adlia noch ein St\u00fcck weit pr\u00e4\u00adsen\u00adter ist als im Je\u00admen. Doch nach ak\u00adtu\u00adel\u00adlen Me\u00addi\u00aden\u00adbe\u00adrich\u00adten k\u00f6nn\u00adte ein Um\u00adden\u00adken n\u00f6\u00adtig wer\u00adden: Laut die\u00adsen Be\u00adrich\u00adten gibt es im Je\u00admen zwi\u00adschen drei\u00adhun\u00addert und 1.500 Ter\u00adro\u00adris\u00adten. La\u00adger die\u00adser Gr\u00f6\u00ad\u00dfe sind in der La\u00adge welt\u00adweit zu agie\u00adren und Ter\u00adror\u00adan\u00adschl\u00e4\u00adge zu or\u00adga\u00adni\u00adsie\u00adren. So bei\u00adspiels\u00adwei\u00adse der j\u00fcngs\u00adte ge\u00adschei\u00adter\u00adte Ter\u00adror\u00adan\u00adschlag in dem Flug\u00adzeug nach De\u00adtroit. Die USA se\u00adhen al\u00adler\u00addings nicht ta\u00adten\u00adlos zu. So ha\u00adben sie Agen\u00adten in den Je\u00admen ent\u00adsandt die die dor\u00adti\u00adgen Si\u00adcher\u00adheits\u00adkr\u00e4f\u00adte im Kampf ge\u00adgen den Ter\u00adro\u00adris\u00admus schu\u00adlen. Fi\u00adnanz\u00adsprit\u00adzen in H\u00f6\u00adhe von 70 Mil\u00adlio\u00adnen Dol\u00adlar zur Ter\u00adror\u00adbe\u00adk\u00e4mp\u00adfung f\u00fcr den Je\u00admen wer\u00adden so\u00adgar of\u00adfi\u00adzi\u00adell ge\u00adleis\u00adtet. Doch da\u00adbei scheint es die Welt\u00admacht nicht zu be\u00adlas\u00adsen: Nach dem ge\u00adschei\u00adter\u00adtem Ter\u00adror\u00adan\u00adschlag durch Al Kai\u00adda auf das Pas\u00adsa\u00adgier\u00adflug\u00adzeug ha\u00adben die USA mit fern\u00adge\u00adlenk\u00adten Marsch\u00adflug\u00adk\u00f6r\u00adpern und so\u00adgar US-&#8203;Kampf\u00adjets ein Ter\u00adror\u00adcamp at\u00adta\u00adckiert und hier\u00adbei schwe\u00adre Sch\u00e4\u00adden an\u00adge\u00adrich\u00adtet. Zu er\u00adwar\u00adten ist nun, dass Al Kai\u00adda in na\u00adher Zu\u00adkunft sein En\u00adga\u00adge\u00adment er\u00adh\u00f6\u00adhen wird. Ers\u00adtens als Re\u00adak\u00adti\u00adon auf die Fest\u00adnah\u00adme des Al Kai\u00adda ? Ter\u00adro\u00adris\u00adten Um\u00adar Fa\u00adruk Abul\u00admu\u00adtallab und zwei\u00adtens na\u00adt\u00fcr\u00adlich f\u00fcr das Bom\u00adbar\u00adde\u00adment auf das je\u00adme\u00adni\u00adti\u00adsche Ter\u00adror\u00adcamp. Ne\u00adben lo\u00adgi\u00adschen Gr\u00fcn\u00adden wie der schw\u00e4\u00adche\u00adren Be\u00adk\u00e4mp\u00adfung dr\u00e4ngt Al Kai\u00adda be\u00adson\u00adders in ara\u00adbi\u00adsche L\u00e4n\u00adder um mit der Be\u00adgr\u00fcn\u00addung des Ter\u00adro\u00adris\u00admus die gu\u00adten Be\u00adzie\u00adhun\u00adgen zwi\u00adschen ei\u00adni\u00adgen ara\u00adbi\u00adschen Staa\u00adten und den USA zu schw\u00e4\u00adchen. Doch ob Al Kai\u00adda mit dem Ter\u00adro\u00adris\u00admus er\u00adfolg\u00adreich sein wird die Au\u00ad\u00dfen\u00adpo\u00adli\u00adtik der USA so zu \u00e4n\u00addern, dass sie den ara\u00adbi\u00adschen Staa\u00adten die Un\u00adter\u00adst\u00fct\u00adzung ent\u00adzie\u00adhen ist mehr als frag\u00adlich.<\/p>\n","protected":false},"excerpt":{"rendered":"<p>Nach Afghanistan und Pakistan werden die USA im Jemen gegen den Terrorismus durch Al Kaida aktiv Laut Medienberichten sind die USA mit Spezialkr\u00e4ften zur Terrorbek\u00e4mpfung im Jemen aktiv. Diese Einheiten bilden jemenitische Sicherheitskr\u00e4fte im Kampf gegen den Terrorismus aus.<\/p>\n","protected":false},"author":1,"featured_media":0,"comment_status":"open","ping_status":"closed","sticky":false,"template":"","format":"standard","meta":{"footnotes":""},"categories":[22,6],"tags":[],"class_list":["post-37","post","type-post","status-publish","format-standard","hentry","category-militar","category-politik","entry"],"jetpack_featured_media_url":"","_links":{"self":[{"href":"https:\/\/aletheia-onlinezeitung.de\/index.php?rest_route=\/wp\/v2\/posts\/37","targetHints":{"allow":["GET"]}}],"collection":[{"href":"https:\/\/aletheia-onlinezeitung.de\/index.php?rest_route=\/wp\/v2\/posts"}],"about":[{"href":"https:\/\/aletheia-onlinezeitung.de\/index.php?rest_route=\/wp\/v2\/types\/post"}],"author":[{"embeddable":true,"href":"https:\/\/aletheia-onlinezeitung.de\/index.php?rest_route=\/wp\/v2\/users\/1"}],"replies":[{"embeddable":true,"href":"https:\/\/aletheia-onlinezeitung.de\/index.php?rest_route=%2Fwp%2Fv2%2Fcomments&post=37"}],"version-history":[{"count":0,"href":"https:\/\/aletheia-onlinezeitung.de\/index.php?rest_route=\/wp\/v2\/posts\/37\/revisions"}],"wp:attachment":[{"href":"https:\/\/aletheia-onlinezeitung.de\/index.php?rest_route=%2Fwp%2Fv2%2Fmedia&parent=37"}],"wp:term":[{"taxonomy":"category","embeddable":true,"href":"https:\/\/aletheia-onlinezeitung.de\/index.php?rest_route=%2Fwp%2Fv2%2Fcategories&post=37"},{"taxonomy":"post_tag","embeddable":true,"href":"https:\/\/aletheia-onlinezeitung.de\/index.php?rest_route=%2Fwp%2Fv2%2Ftags&post=37"}],"curies":[{"name":"wp","href":"https:\/\/api.w.org\/{rel}","templated":true}]}}