{"id":40,"date":"2010-10-01T14:29:55","date_gmt":"2010-10-01T14:29:55","guid":{"rendered":"http:\/\/localhost\/zeitung\/?p=40"},"modified":"2010-10-01T14:29:55","modified_gmt":"2010-10-01T14:29:55","slug":"strasenschlachten-im-iran-wieder-entbrannt","status":"publish","type":"post","link":"https:\/\/aletheia-onlinezeitung.de\/?p=40","title":{"rendered":"Stra\u00dfenschlachten im Iran wieder entbrannt"},"content":{"rendered":"<p>Tote bei Stra\u00dfenschlachten in der iranischen Haupstadt Teheran<br \/>\nNach einer gef\u00e4lschten Wahl erhob sich die iranische Opposition unter Mir Hossein Mussawi gegen die Regierenden. Tagelange Stra\u00dfenschlachten forderten dem Iran zahlreiche Tote ab und sorgten f\u00fcr schwere internationale Kritik. Nun sind die Stra\u00dfenschlachten in der iranischen Hauptstadt Teheran wieder ausgebrochen.<!--more--><br \/>\n\u00dcber 13 Millionen Menschen wohnen in ihr oder in ihrer Umgebung: Die iranische Hauptstadt Teheran. Nun wird die Metropole erneut der Schauplatz des Konfliktes zwischen der Opposition und der Regierung im Iran welcher seinen Ausdruck in Stra\u00dfenschlachten mit Toten findet. Grund ist noch immer die unrechtm\u00e4\u00dfige Wiederwahl von Pr\u00e4sident Mahm&#363;d Ahmad&#299;-Ne?&#257;d. Dieser hatte sich gegen den Willen des iranischen Volkes erneut ins Amt gehoben und hatte in der Folgezeit zahlreiche Tote bei den Stra\u00dfenschlachten in Teheran in Kauf genommen. Anlass des Wiederaufflammens der Stra\u00dfenschlachten im Iran und insbesondere in Teheran mag wohl der Tod des Gro\u00dfajatollahs Hossein Ali Montaseri sein, der als f\u00fchrender Systemkritiker galt. Bei den heutigen Stra\u00dfenschlachten die nicht nur in Teheran sondern auch in den iranischen St\u00e4dten Isfahan, T\u00e4briz und Najafabad geschlagen wurden zeigte sich eine gesteigerte Gewaltbereitschaft von beiden Seiten &#8211; Staat und Opposition. Polizisten wurden entwaffnet und entkleidet, ihre Fahrzeuge in Brand gesetzt und M\u00fclltonnen entz\u00fcndet. Dar\u00fcber hinaus rufen die Demonstrationen Parolen in die Luft die einen bevorstehenden Sturz des Regimes als Ziel formulieren. Bei den Stra\u00dfenschlachten im Iran gab es viele Verletzte. Todesopfer gab es bislang nur in der Hauptstadt Teheran, von wo aus inzwischen auch Bilder und Videos der Stra\u00dfenschlachten ins Internet gelangten. Unter den Toten soll auch der Neffe des f\u00fchrenden Oppositionellen und gescheiterten Pr\u00e4sidentschaftskandidaten Mir Hossein Mussawi, Ali Mussawi, sein. Es bleibt abzuwarten wie sich die iranische Regierung in Teheran angesichts der Zuspitzung der Lage durch Sta\u00dfenschlachten und Tote verhalten wird und ob ein internationales Eingreifen notwendig werden wird.<\/p>\n","protected":false},"excerpt":{"rendered":"<p>Tote bei Stra\u00dfenschlachten in der iranischen Haupstadt Teheran Nach einer gef\u00e4lschten Wahl erhob sich die iranische Opposition unter Mir Hossein Mussawi gegen die Regierenden. Tagelange Stra\u00dfenschlachten forderten dem Iran zahlreiche Tote ab und sorgten f\u00fcr schwere internationale Kritik. Nun sind die Stra\u00dfenschlachten in der iranischen Hauptstadt Teheran wieder ausgebrochen.<\/p>\n","protected":false},"author":1,"featured_media":0,"comment_status":"open","ping_status":"closed","sticky":false,"template":"","format":"standard","meta":{"footnotes":""},"categories":[12],"tags":[],"class_list":["post-40","post","type-post","status-publish","format-standard","hentry","category-weltgeschehen","entry"],"jetpack_featured_media_url":"","_links":{"self":[{"href":"https:\/\/aletheia-onlinezeitung.de\/index.php?rest_route=\/wp\/v2\/posts\/40","targetHints":{"allow":["GET"]}}],"collection":[{"href":"https:\/\/aletheia-onlinezeitung.de\/index.php?rest_route=\/wp\/v2\/posts"}],"about":[{"href":"https:\/\/aletheia-onlinezeitung.de\/index.php?rest_route=\/wp\/v2\/types\/post"}],"author":[{"embeddable":true,"href":"https:\/\/aletheia-onlinezeitung.de\/index.php?rest_route=\/wp\/v2\/users\/1"}],"replies":[{"embeddable":true,"href":"https:\/\/aletheia-onlinezeitung.de\/index.php?rest_route=%2Fwp%2Fv2%2Fcomments&post=40"}],"version-history":[{"count":0,"href":"https:\/\/aletheia-onlinezeitung.de\/index.php?rest_route=\/wp\/v2\/posts\/40\/revisions"}],"wp:attachment":[{"href":"https:\/\/aletheia-onlinezeitung.de\/index.php?rest_route=%2Fwp%2Fv2%2Fmedia&parent=40"}],"wp:term":[{"taxonomy":"category","embeddable":true,"href":"https:\/\/aletheia-onlinezeitung.de\/index.php?rest_route=%2Fwp%2Fv2%2Fcategories&post=40"},{"taxonomy":"post_tag","embeddable":true,"href":"https:\/\/aletheia-onlinezeitung.de\/index.php?rest_route=%2Fwp%2Fv2%2Ftags&post=40"}],"curies":[{"name":"wp","href":"https:\/\/api.w.org\/{rel}","templated":true}]}}