{"id":42,"date":"2010-01-01T14:27:51","date_gmt":"2010-01-01T14:27:51","guid":{"rendered":"http:\/\/localhost\/zeitung\/?p=42"},"modified":"2010-01-01T14:27:51","modified_gmt":"2010-01-01T14:27:51","slug":"weltklimagipfel-in-kopenhagen","status":"publish","type":"post","link":"https:\/\/aletheia-onlinezeitung.de\/?p=42","title":{"rendered":"Weltklimagipfel in Kopenhagen"},"content":{"rendered":"<p>Umweltminister R\u00f6ttgen will Zwei ? Grad ? Grenze beim Weltklimagipfel in Kopenhagen durchsetzen<br \/>\nUmweltminister R\u00f6ttgen will auf dem Weltklimagipfel die Zwei &#8211; Grad &#8211; Grenze beim Temperaturanstieg durchsetzen. R\u00f6ttgen als Umweltminister steht damit unter enormen Druck, auch durch die Opposition, auf dem Weltklimagipfel mit seiner Zwei &#8211; Grad &#8211; Grenze erfolgreich zu sein.<!--more--><\/p>\n<p>Der deut\u00adsche Um\u00adwelt\u00admi\u00adnis\u00adter Nor\u00adbert R\u00f6tt\u00adgen setzt bei dem Welt\u00adkli\u00adma\u00adgip\u00adfel in Ko\u00adpen\u00adha\u00adgen be\u00adson\u00adders dar\u00adauf sich mit den an\u00adde\u00adren Teil\u00adneh\u00admer\u00adstaa\u00adten auf die Zwei ? Grad ? Gren\u00adze zu ei\u00adni\u00adgen. Die\u00adse Gren\u00adze sieht laut dem Um\u00adwelt\u00admi\u00adnis\u00adter R\u00f6tt\u00adgen vor, dass die Welt\u00adtem\u00adpe\u00adra\u00adtur sich um ma\u00adxi\u00admal zwei Grad bis zum En\u00adde des Jahr\u00adhun\u00adderts er\u00adh\u00f6\u00adhen darf. Die Teil\u00adneh\u00admer\u00adstaa\u00adten m\u00fcss\u00adten dann ge\u00adeig\u00adne\u00adte Mit\u00adtel fin\u00adden um den CO\u00b2 &#8211; Aus\u00adsto\u00df auf ei\u00adnem Le\u00advel zu hal\u00adten der die\u00adses Kri\u00adte\u00adri\u00adum er\u00adf\u00fcllt. Der Welt\u00adkli\u00adma\u00adgip\u00adfel ist f\u00fcr den deut\u00adschen Um\u00adwelt\u00admi\u00adnis\u00adter R\u00f6tt\u00adgen al\u00adso ex\u00adtrem wich\u00adtig. Grund da\u00adf\u00fcr ist auch, dass ein Nein zur Zwei ? Grad Gren\u00adze auf dem Welt\u00adkli\u00adma\u00adgip\u00adfel durch die 192 Teil\u00adneh\u00admer\u00adstat\u00adten aus R\u00f6tt\u00adgen \u00b4s Sicht das Le\u00adben auf un\u00adse\u00adrem Pla\u00adne\u00adten dras\u00adtisch \u00e4n\u00addern wird. Der Um\u00adwelt\u00admi\u00adnis\u00adter nimmt da\u00adbei Chi\u00adna ei\u00adnen Teil sei\u00adner Ver\u00adant\u00adwor\u00adtung auf dem Welt\u00adkli\u00adma\u00adgip\u00adfel ab. Um\u00adwelt\u00admi\u00adnis\u00adter R\u00f6tt\u00adgen sagt, dass Chi\u00adna \u00b4s Rol\u00adle beim Ab\u00adbau der CO\u00b2 &#8211; Emis\u00adsio\u00adnen ge\u00adrin\u00adger sein soll\u00adte als bis\u00adlang ge\u00adfor\u00addert. Grund ist der Pro ? Kopf ? Aus\u00adsto\u00df. Ein Chi\u00adne\u00adse ver\u00adbraucht im\u00admer\u00adhin nur die H\u00e4lf\u00adte ei\u00adnes Eu\u00adro\u00adp\u00e4\u00aders und ein Vier\u00adtel ei\u00adnes Ame\u00adri\u00adka\u00adners. Zu\u00addem w\u00fcr\u00adde Chi\u00adna nach\u00addem es die enor\u00admen Fol\u00adgen von Um\u00adwelt\u00adsch\u00e4\u00adden auf die Wirt\u00adschaft er\u00adlebt h\u00e4t\u00adte auch st\u00e4r\u00adker als vie\u00adle an\u00adde\u00adre L\u00e4n\u00adder in den Um\u00adwelt\u00adschutz in\u00adves\u00adtie\u00adren. Die SPD for\u00addert un\u00adter\u00addes\u00adsen von Um\u00adwelt\u00admi\u00adnis\u00adter Nor\u00adbert R\u00f6tt\u00adgen auf dem Welt\u00adkli\u00adma\u00adgip\u00adfel ver\u00adbind\u00adli\u00adche Um\u00adwelt\u00adzie\u00adle zu er\u00adrei\u00adchen da\u00admit sie den Ver\u00adhand\u00adlungs\u00ader\u00adgeb\u00adnis\u00adsen von Ko\u00adpen\u00adha\u00adgen ih\u00adre Zu\u00adstim\u00admung ge\u00adben k\u00f6nn\u00adte. Auf den Schul\u00adtern von Um\u00adwelt\u00admi\u00adnis\u00adter Nor\u00adbert R\u00f6tt\u00adgen liegt al\u00adso zu\u00addem noch die Last des Op\u00adpo\u00adsi\u00adti\u00adons\u00addrucks. Um\u00adwelt\u00admi\u00adnis\u00adter R\u00f6tt\u00adgen preis\u00adte bei sei\u00adnem In\u00adter\u00adview mit der Bild am Sonn\u00adtag auch noch die Rol\u00adle der um\u00adwelt\u00adfreund\u00adli\u00adchen Tech\u00adno\u00adlo\u00adgie im wirt\u00adschaft\u00adli\u00adchen Wett\u00adbe\u00adwerb an.<\/p>\n","protected":false},"excerpt":{"rendered":"<p>Umweltminister R\u00f6ttgen will Zwei ? Grad ? Grenze beim Weltklimagipfel in Kopenhagen durchsetzen Umweltminister R\u00f6ttgen will auf dem Weltklimagipfel die Zwei &#8211; Grad &#8211; Grenze beim Temperaturanstieg durchsetzen. R\u00f6ttgen als Umweltminister steht damit unter enormen Druck, auch durch die Opposition, auf dem Weltklimagipfel mit seiner Zwei &#8211; Grad &#8211; Grenze erfolgreich zu sein.<\/p>\n","protected":false},"author":1,"featured_media":0,"comment_status":"open","ping_status":"closed","sticky":false,"template":"","format":"standard","meta":{"footnotes":""},"categories":[6,10],"tags":[],"class_list":["post-42","post","type-post","status-publish","format-standard","hentry","category-politik","category-umweltpolitik","entry"],"jetpack_featured_media_url":"","_links":{"self":[{"href":"https:\/\/aletheia-onlinezeitung.de\/index.php?rest_route=\/wp\/v2\/posts\/42","targetHints":{"allow":["GET"]}}],"collection":[{"href":"https:\/\/aletheia-onlinezeitung.de\/index.php?rest_route=\/wp\/v2\/posts"}],"about":[{"href":"https:\/\/aletheia-onlinezeitung.de\/index.php?rest_route=\/wp\/v2\/types\/post"}],"author":[{"embeddable":true,"href":"https:\/\/aletheia-onlinezeitung.de\/index.php?rest_route=\/wp\/v2\/users\/1"}],"replies":[{"embeddable":true,"href":"https:\/\/aletheia-onlinezeitung.de\/index.php?rest_route=%2Fwp%2Fv2%2Fcomments&post=42"}],"version-history":[{"count":0,"href":"https:\/\/aletheia-onlinezeitung.de\/index.php?rest_route=\/wp\/v2\/posts\/42\/revisions"}],"wp:attachment":[{"href":"https:\/\/aletheia-onlinezeitung.de\/index.php?rest_route=%2Fwp%2Fv2%2Fmedia&parent=42"}],"wp:term":[{"taxonomy":"category","embeddable":true,"href":"https:\/\/aletheia-onlinezeitung.de\/index.php?rest_route=%2Fwp%2Fv2%2Fcategories&post=42"},{"taxonomy":"post_tag","embeddable":true,"href":"https:\/\/aletheia-onlinezeitung.de\/index.php?rest_route=%2Fwp%2Fv2%2Ftags&post=42"}],"curies":[{"name":"wp","href":"https:\/\/api.w.org\/{rel}","templated":true}]}}