{"id":43,"date":"2010-10-01T14:21:15","date_gmt":"2010-10-01T14:21:15","guid":{"rendered":"http:\/\/localhost\/zeitung\/?p=43"},"modified":"2010-10-01T14:21:15","modified_gmt":"2010-10-01T14:21:15","slug":"massendemos-zum-weltklimagipfel","status":"publish","type":"post","link":"https:\/\/aletheia-onlinezeitung.de\/?p=43","title":{"rendered":"Massendemos zum Weltklimagipfel"},"content":{"rendered":"<p>Bis zu 100.000 Menschen veranstalten Demonstration f\u00fcr mehr Klimaschutz beim Weltklimagipfel in Kopenhagen<br \/>\nDie beschauliche Hauptstadt D\u00e4nemarks, Kopenhagen, wird in diesen Tagen nicht nur vom Weltklimagipfel durchgesch\u00fcttelt. Auch riesige Demonstrationen f\u00fcr mehr Klimaschutz auf dem Weltklimagipfel ersch\u00fcttern die Stadt.<!--more--><\/p>\n<p>\u00dcber f\u00fcnf\u00adhun\u00addert, zum gr\u00f6\u00df\u00adten Teil Um\u00adwelt-&#8203;, und Kli\u00adma\u00adschutz -, Or\u00adga\u00adni\u00adsa\u00adtio\u00adnen aus der gan\u00adzen Welt ha\u00adben f\u00fcr den heu\u00adti\u00adgen Tag zu De\u00admons\u00adtra\u00adtio\u00adnen in Ko\u00adpen\u00adha\u00adgen auf\u00adge\u00adru\u00adfen um den Welt\u00adkli\u00adma\u00adgip\u00adfel un\u00adter Druck zu set\u00adzen. Ne\u00adben kirch\u00adli\u00adchen Or\u00adga\u00adni\u00adsa\u00adtio\u00adnen und Ge\u00adwerk\u00adschaf\u00adten rie\u00adfen aus Deutsch\u00adland vor Al\u00adlem der BUND, die NA\u00adBU und At\u00adtac auf. Ins\u00adge\u00adsamt neh\u00admen laut un\u00adter\u00adschied\u00adli\u00adcher An\u00adga\u00adben zwi\u00adschen 10.000 und 100.000 Men\u00adschen an den De\u00admons\u00adtra\u00adtio\u00adnen teil, am wahr\u00adschein\u00adlichs\u00adten ist ei\u00adne Zahl \u00fcber 60.000. Von den Teil\u00adneh\u00admern die\u00adser De\u00admons\u00adtra\u00adti\u00adon wa\u00adren ges\u00adtern von der Po\u00adli\u00adzei der Stadt Ko\u00adpen\u00adha\u00adgen und heu\u00adte zu\u00adsam\u00admen schon 94 Men\u00adschen ver\u00adhaf\u00adtet wur\u00adden. Die De\u00admons\u00adtran\u00adten for\u00addern vom Welt\u00adkli\u00adma\u00adgip\u00adfel in Ko\u00adpen\u00adha\u00adgen ein\u00adver\u00adnehm\u00adlich mehr f\u00fcr den Kli\u00adma\u00adschutz zu tun. Ei\u00adne \u00e4hn\u00adli\u00adche De\u00admons\u00adtra\u00adti\u00adon hat\u00adte letzt\u00adend\u00adlich auch ent\u00adschei\u00addend zur Un\u00adter\u00adzeich\u00adnung des Kyo\u00adto &#8211; Pro\u00adto\u00adkolls ge\u00adf\u00fchrt. Bei den Ver\u00adhand\u00adlun\u00adgen des Welt\u00adkli\u00adma\u00adgip\u00adfels in Ko\u00adpen\u00adha\u00adgen wird im Mo\u00adment \u00fcber ei\u00adne Sen\u00adkung der CO\u00b2-&#8203;Emis\u00adsio\u00adnen um 50 bis 95 Pro\u00adzent bis zum Jahr 2050 und ge\u00adgen\u00ad\u00fcber dem Jahr 1990 ver\u00adhan\u00addelt. Die De\u00admons\u00adtra\u00adti\u00adon for\u00addert un\u00adter An\u00adde\u00adrem auch st\u00e4r\u00adke\u00adre fi\u00adnan\u00adzi\u00adel\u00adle Hil\u00adfen f\u00fcr die Ent\u00adwick\u00adlungs\u00adl\u00e4n\u00adder da\u00admit die\u00adse die Ent\u00adwick\u00adlung des Kli\u00adma\u00adschut\u00adzes st\u00e4r\u00adker vor\u00adan\u00adtrei\u00adben k\u00f6n\u00adnen. Bis\u00adlang hat sich die EU im Rah\u00admen des Welt\u00adkli\u00adma\u00adgip\u00adfels in Ko\u00adpen\u00adha\u00adgen schon zu Zah\u00adlun\u00adgen in H\u00f6\u00adhe von rund 7 Mil\u00adli\u00adar\u00adden Eu\u00adro ver\u00adpflich\u00adtet und ei\u00adne Emis\u00adsi\u00adons\u00adsen\u00adkung in H\u00f6\u00adhe von 30 Pro\u00adzent bis 2020 an\u00adge\u00adbo\u00adten. Die Er\u00adgeb\u00adnis\u00adse des Welt\u00adkli\u00adma\u00adgip\u00adfels in Ko\u00adpen\u00adha\u00adgen wer\u00adden das Kyo\u00adto &#8211; Pro\u00adto\u00adkoll als bis\u00adhe\u00adri\u00adges Ab\u00adkom\u00admen \u00fcber den Kli\u00adma\u00adschutz ab\u00adl\u00f6\u00adsen. Die De\u00admons\u00adtra\u00adtio\u00adnen for\u00addern ein m\u00f6g\u00adlichst hoch ge\u00adsteck\u00adtes Ziel um den Treib\u00adhaus\u00adef\u00adfekt m\u00f6g\u00adlichst un\u00adter 2 Grad Cel\u00adsi\u00adus bis zum En\u00adde des Jahr\u00adhun\u00adderts zu hal\u00adten.<\/p>\n","protected":false},"excerpt":{"rendered":"<p>Bis zu 100.000 Menschen veranstalten Demonstration f\u00fcr mehr Klimaschutz beim Weltklimagipfel in Kopenhagen Die beschauliche Hauptstadt D\u00e4nemarks, Kopenhagen, wird in diesen Tagen nicht nur vom Weltklimagipfel durchgesch\u00fcttelt. Auch riesige Demonstrationen f\u00fcr mehr Klimaschutz auf dem Weltklimagipfel ersch\u00fcttern die Stadt.<\/p>\n","protected":false},"author":1,"featured_media":0,"comment_status":"open","ping_status":"closed","sticky":false,"template":"","format":"standard","meta":{"footnotes":""},"categories":[6,10],"tags":[],"class_list":["post-43","post","type-post","status-publish","format-standard","hentry","category-politik","category-umweltpolitik","entry"],"jetpack_featured_media_url":"","_links":{"self":[{"href":"https:\/\/aletheia-onlinezeitung.de\/index.php?rest_route=\/wp\/v2\/posts\/43","targetHints":{"allow":["GET"]}}],"collection":[{"href":"https:\/\/aletheia-onlinezeitung.de\/index.php?rest_route=\/wp\/v2\/posts"}],"about":[{"href":"https:\/\/aletheia-onlinezeitung.de\/index.php?rest_route=\/wp\/v2\/types\/post"}],"author":[{"embeddable":true,"href":"https:\/\/aletheia-onlinezeitung.de\/index.php?rest_route=\/wp\/v2\/users\/1"}],"replies":[{"embeddable":true,"href":"https:\/\/aletheia-onlinezeitung.de\/index.php?rest_route=%2Fwp%2Fv2%2Fcomments&post=43"}],"version-history":[{"count":0,"href":"https:\/\/aletheia-onlinezeitung.de\/index.php?rest_route=\/wp\/v2\/posts\/43\/revisions"}],"wp:attachment":[{"href":"https:\/\/aletheia-onlinezeitung.de\/index.php?rest_route=%2Fwp%2Fv2%2Fmedia&parent=43"}],"wp:term":[{"taxonomy":"category","embeddable":true,"href":"https:\/\/aletheia-onlinezeitung.de\/index.php?rest_route=%2Fwp%2Fv2%2Fcategories&post=43"},{"taxonomy":"post_tag","embeddable":true,"href":"https:\/\/aletheia-onlinezeitung.de\/index.php?rest_route=%2Fwp%2Fv2%2Ftags&post=43"}],"curies":[{"name":"wp","href":"https:\/\/api.w.org\/{rel}","templated":true}]}}