{"id":44,"date":"2010-06-25T13:41:29","date_gmt":"2010-06-25T13:41:29","guid":{"rendered":"http:\/\/localhost\/zeitung\/?p=44"},"modified":"2010-06-25T13:41:29","modified_gmt":"2010-06-25T13:41:29","slug":"drogentourismus-bald-in-tschechien","status":"publish","type":"post","link":"https:\/\/aletheia-onlinezeitung.de\/?p=44","title":{"rendered":"Drogentourismus bald in Tschechien?"},"content":{"rendered":"<p>Tschechien punktet im Tourismus mit liberalster Drogenpolitik Europas<br \/>\nDer erste Januar stellt eine Wende in der Drogenpolitik der europ\u00e4ischen Union dar, denn nach den Niederlanden hat Tschechien den Besitz von Drogen nun auch straffrei gestellt &#8211; und zwar in einem noch h\u00f6herem Ma\u00dfe als das die Niederlande selbst. Damit k\u00f6nnte der Drogentourismus bald auch nach Tschechien verschlagen werden.<!--more--><\/p>\n<p>Ob Ma\u00adri\u00adhua\u00adna, Ecs\u00adta\u00adsy, LSD, Ko\u00adka\u00adin oder an\u00adde\u00adre Dro\u00adgen: Der Be\u00adsitz von Rausch\u00admit\u00adteln steht in Tsche\u00adschien seit dem ers\u00adtem Ja\u00adnu\u00adar nicht mehr un\u00adter Stra\u00adfe &#8211; und das in we\u00adsent\u00adlich gr\u00f6\u00ad\u00dfe\u00adren Men\u00adgen als in den Nie\u00adder\u00adlan\u00adden. 15 Gramm Ma\u00adri\u00adhua\u00adna oder Ha\u00adschisch, vier so\u00adge\u00adnann\u00adte Pap\u00adpen mit LSD oder vier Pil\u00adlen mit dem Ecs\u00adta\u00adsy &#8211; Wirk\u00adstoff MD\u00adMA sind in Tsche\u00adschien nun ge\u00adnau\u00adso le\u00adgal wie der Be\u00adsitz ei\u00adnes Gram\u00admes Ko\u00adka\u00adin oder so\u00adgar von an\u00addert\u00adhalb Gramm He\u00adro\u00adin. Ge\u00adle\u00adgen\u00adheits\u00adkon\u00adsu\u00admen\u00adten von Ha\u00adschisch und auch Club\u00adbe\u00adtrei\u00adber von ein\u00adschl\u00e4\u00adgi\u00adgen Lo\u00adka\u00adlen fei\u00adern den Schritt als Fort\u00adschritt ge\u00adgen die Kri\u00admi\u00adna\u00adli\u00adsie\u00adrung und hin zu ei\u00adner freie\u00adren und of\u00adfe\u00adne\u00adren Ge\u00adsell\u00adschaft. Die Be\u00adgr\u00fcn\u00addung der Tsche\u00adschi\u00adschen Re\u00adgie\u00adrung zur Dro\u00adgen\u00adle\u00adga\u00adli\u00adsie\u00adrung: Dro\u00adgen\u00adsucht sei in ers\u00adter Li\u00adnie ein ge\u00adsund\u00adheit\u00adli\u00adches, kein kri\u00admi\u00adnel\u00adles. Die Pro\u00adduk\u00adti\u00adon so\u00adwie der Ver\u00adkauf oder der Be\u00adsitz ex\u00adtrem gro\u00ad\u00dfer Men\u00adgen ste\u00adhen je\u00addoch wei\u00adter un\u00adter Stra\u00adfe. Und so wie es mo\u00admen\u00adtan aus\u00adsieht, k\u00f6nn\u00adte es sein, dass Tsche\u00adchi\u00aden von der Le\u00adga\u00adli\u00adsie\u00adrung der Dro\u00adgen auch wirt\u00adschaft\u00adlich pro\u00adfi\u00adtie\u00adren kann: Wie in den Nie\u00adder\u00adlan\u00adden wird Tsche\u00adchi\u00aden sich h\u00f6chst\u00adwahr\u00adschein\u00adlich bald als Rei\u00adse\u00adziel f\u00fcr den eu\u00adro\u00adp\u00e4i\u00adschen Dro\u00adgen\u00adtou\u00adris\u00admus eta\u00adblie\u00adren. Ge\u00adra\u00adde nach\u00addem bei\u00adspiels\u00adwei\u00adse die Haupt\u00adstadt Prag 2009 die schlech\u00adtes\u00adten Tou\u00adris\u00admus\u00adzah\u00adlen seit Jah\u00adren ver\u00adzeich\u00adnen muss\u00adte, k\u00f6nn\u00adte der Dro\u00adgen\u00adtou\u00adris\u00admus f\u00fcr den ehe\u00adma\u00adli\u00adgen Ost\u00adblock\u00adstaat durch\u00adaus zu ei\u00adnem loh\u00adnens\u00adwer\u00adtem Ge\u00adsch\u00e4ft wer\u00adden. Po\u00adsi\u00adti\u00adver Ne\u00adben\u00adef\u00adfekt f\u00fcr die Nie\u00adder\u00adlan\u00adde: Die von der Be\u00adv\u00f6l\u00adke\u00adrung teil\u00adwei\u00adse als ne\u00adga\u00adtiv emp\u00adfun\u00adde\u00adnen Scha\u00adren von Deut\u00adschen die der Dro\u00adgen\u00adtou\u00adris\u00admus in die Nie\u00adder\u00adlan\u00adde trieb k\u00f6nn\u00adten dem\u00adn\u00e4chst ih\u00adren Tou\u00adris\u00admus mehr Rich\u00adtung Os\u00adten rich\u00adten und die Be\u00adv\u00f6l\u00adke\u00adrung der Nie\u00adder\u00adlan\u00adde so vom Dro\u00adgen\u00adtou\u00adris\u00admus ent\u00adlas\u00adten.<\/p>\n","protected":false},"excerpt":{"rendered":"<p>Tschechien punktet im Tourismus mit liberalster Drogenpolitik Europas Der erste Januar stellt eine Wende in der Drogenpolitik der europ\u00e4ischen Union dar, denn nach den Niederlanden hat Tschechien den Besitz von Drogen nun auch straffrei gestellt &#8211; und zwar in einem noch h\u00f6herem Ma\u00dfe als das die Niederlande selbst. Damit k\u00f6nnte der Drogentourismus bald auch nach &hellip; <\/p>\n<p class=\"link-more\"><a href=\"https:\/\/aletheia-onlinezeitung.de\/?p=44\" class=\"more-link\"><span class=\"screen-reader-text\">\u201eDrogentourismus bald in Tschechien?\u201c<\/span> weiterlesen<\/a><\/p>\n","protected":false},"author":1,"featured_media":0,"comment_status":"open","ping_status":"closed","sticky":false,"template":"","format":"standard","meta":{"footnotes":""},"categories":[6,12],"tags":[],"class_list":["post-44","post","type-post","status-publish","format-standard","hentry","category-politik","category-weltgeschehen","entry"],"jetpack_featured_media_url":"","_links":{"self":[{"href":"https:\/\/aletheia-onlinezeitung.de\/index.php?rest_route=\/wp\/v2\/posts\/44","targetHints":{"allow":["GET"]}}],"collection":[{"href":"https:\/\/aletheia-onlinezeitung.de\/index.php?rest_route=\/wp\/v2\/posts"}],"about":[{"href":"https:\/\/aletheia-onlinezeitung.de\/index.php?rest_route=\/wp\/v2\/types\/post"}],"author":[{"embeddable":true,"href":"https:\/\/aletheia-onlinezeitung.de\/index.php?rest_route=\/wp\/v2\/users\/1"}],"replies":[{"embeddable":true,"href":"https:\/\/aletheia-onlinezeitung.de\/index.php?rest_route=%2Fwp%2Fv2%2Fcomments&post=44"}],"version-history":[{"count":0,"href":"https:\/\/aletheia-onlinezeitung.de\/index.php?rest_route=\/wp\/v2\/posts\/44\/revisions"}],"wp:attachment":[{"href":"https:\/\/aletheia-onlinezeitung.de\/index.php?rest_route=%2Fwp%2Fv2%2Fmedia&parent=44"}],"wp:term":[{"taxonomy":"category","embeddable":true,"href":"https:\/\/aletheia-onlinezeitung.de\/index.php?rest_route=%2Fwp%2Fv2%2Fcategories&post=44"},{"taxonomy":"post_tag","embeddable":true,"href":"https:\/\/aletheia-onlinezeitung.de\/index.php?rest_route=%2Fwp%2Fv2%2Ftags&post=44"}],"curies":[{"name":"wp","href":"https:\/\/api.w.org\/{rel}","templated":true}]}}