{"id":46,"date":"2009-11-25T13:40:14","date_gmt":"2009-11-25T13:40:14","guid":{"rendered":"http:\/\/localhost\/zeitung\/?p=46"},"modified":"2009-11-25T13:40:14","modified_gmt":"2009-11-25T13:40:14","slug":"finanzminister-schauble-drangt-opel","status":"publish","type":"post","link":"https:\/\/aletheia-onlinezeitung.de\/?p=46","title":{"rendered":"Finanzminister Sch\u00e4uble dr\u00e4ngt Opel"},"content":{"rendered":"<p>Nach der Entscheidung von Opels Mutterfirma General Motors (GM) Opel im Konzern zu behalten fordert die Bundesregierung ein Sanierungskonzept f\u00fcr den Autobauer. Finanzminister Wolfgang Sch\u00e4uble fordert dabei besonders klar, dass er ein nicht vorgelegtes Sanierungskonzept als Indiz daf\u00fcr auslegen w\u00fcrde, dass Opel keine Staatsgelder brauche.<br \/>\nDer Opel &#8211; Verkauf durch General Motor an die russische Staatsbank und den Autozulieferer Magna ist gescheitert. Der neue Finanzminister Wolfgang Sch\u00e4uble ist nun im Zugzwang um m\u00f6glichst viele Arbeitspl\u00e4tze bei Opel in Deutschland zu retten. Aus diesem Grund fordert die Bundesregierung ein Sanierungskonzept f\u00fcr den angeschlagenen Autobauer Opel um die zu leistende Staatshilfe und die daran zu kn\u00fcpfenden Bedinungen sondieren zu k\u00f6nnen &#8211; so ist es zumindest zu verstehen, dass das Konzept eingefordert wird. Sch\u00e4uble \u00fcbt nun massiven Druck auf Opel aus, damit der Autobauer das Sanierungskonzept m\u00f6glichst schnell vorlegt. Finanzminister Sch\u00e4uble l\u00e4uft mit seinen Subventionierungspl\u00e4nen damit den Zielen von Bundeswirtschaftsminister Rainer Br\u00fcderle entgegen, der fordert, dass Opel zur Verhinderung eines Subventionswettlaufes in den Bundesl\u00e4ndern und in der EU keine konkreten Wirtschaftshilfen versprochen werden sollen bevor das Sanierungskonzept steht. Damit beruft Br\u00fcderle sich auf Justus Haucap, Vorsitzende der Monopolkommission der Bundesregierung, der sagt, dass der Autobauer die Voraussetzungen f\u00fcr eine Staatshilfe nicht erf\u00fclle. Finanzminister Sch\u00e4uble deutete an, dass er das Fehlen eines Sanierungskonzeptes als fehlende N\u00f6tigkeit einer Staatshilfe interpretieren w\u00fcrde. Mit dem Sanierungskonzept solle laut Finanzminister Sch\u00e4uble, auch Klarheit dar\u00fcber geschafft werden, wie die Konzernspitze des Autobauers Opel &#8222;ihrer unternehmerischen Verantwortung gerecht werden will&#8220;. Finanzminister Sch\u00e4uble war vor seinem Amt als Wirtschaftsminister Innenminister gewesen.<\/p>\n","protected":false},"excerpt":{"rendered":"<p>Nach der Entscheidung von Opels Mutterfirma General Motors (GM) Opel im Konzern zu behalten fordert die Bundesregierung ein Sanierungskonzept f\u00fcr den Autobauer. Finanzminister Wolfgang Sch\u00e4uble fordert dabei besonders klar, dass er ein nicht vorgelegtes Sanierungskonzept als Indiz daf\u00fcr auslegen w\u00fcrde, dass Opel keine Staatsgelder brauche. Der Opel &#8211; Verkauf durch General Motor an die russische &hellip; <\/p>\n<p class=\"link-more\"><a href=\"https:\/\/aletheia-onlinezeitung.de\/?p=46\" class=\"more-link\"><span class=\"screen-reader-text\">\u201eFinanzminister Sch\u00e4uble dr\u00e4ngt Opel\u201c<\/span> weiterlesen<\/a><\/p>\n","protected":false},"author":1,"featured_media":0,"comment_status":"open","ping_status":"closed","sticky":false,"template":"","format":"standard","meta":{"footnotes":""},"categories":[13],"tags":[],"class_list":["post-46","post","type-post","status-publish","format-standard","hentry","category-wirtschaft","entry"],"jetpack_featured_media_url":"","_links":{"self":[{"href":"https:\/\/aletheia-onlinezeitung.de\/index.php?rest_route=\/wp\/v2\/posts\/46","targetHints":{"allow":["GET"]}}],"collection":[{"href":"https:\/\/aletheia-onlinezeitung.de\/index.php?rest_route=\/wp\/v2\/posts"}],"about":[{"href":"https:\/\/aletheia-onlinezeitung.de\/index.php?rest_route=\/wp\/v2\/types\/post"}],"author":[{"embeddable":true,"href":"https:\/\/aletheia-onlinezeitung.de\/index.php?rest_route=\/wp\/v2\/users\/1"}],"replies":[{"embeddable":true,"href":"https:\/\/aletheia-onlinezeitung.de\/index.php?rest_route=%2Fwp%2Fv2%2Fcomments&post=46"}],"version-history":[{"count":0,"href":"https:\/\/aletheia-onlinezeitung.de\/index.php?rest_route=\/wp\/v2\/posts\/46\/revisions"}],"wp:attachment":[{"href":"https:\/\/aletheia-onlinezeitung.de\/index.php?rest_route=%2Fwp%2Fv2%2Fmedia&parent=46"}],"wp:term":[{"taxonomy":"category","embeddable":true,"href":"https:\/\/aletheia-onlinezeitung.de\/index.php?rest_route=%2Fwp%2Fv2%2Fcategories&post=46"},{"taxonomy":"post_tag","embeddable":true,"href":"https:\/\/aletheia-onlinezeitung.de\/index.php?rest_route=%2Fwp%2Fv2%2Ftags&post=46"}],"curies":[{"name":"wp","href":"https:\/\/api.w.org\/{rel}","templated":true}]}}