{"id":48,"date":"2009-12-25T13:38:55","date_gmt":"2009-12-25T13:38:55","guid":{"rendered":"http:\/\/localhost\/zeitung\/?p=48"},"modified":"2009-12-25T13:38:55","modified_gmt":"2009-12-25T13:38:55","slug":"arbeitslosigkeit-im-dezember-gewachsen","status":"publish","type":"post","link":"https:\/\/aletheia-onlinezeitung.de\/?p=48","title":{"rendered":"Arbeitslosigkeit im Dezember gewachsen"},"content":{"rendered":"<p>Konjunkturelle Arbeitslosigkeit schl\u00e4gt auf von der Rezession gebeuteltem Arbeitsmarkt voll zu<br \/>\nWie jedes Jahr im Winter gibt es eine konjunkturell bedingte Arbeitslosigkeit in Deutschland. Alleine im Dezember wurden bislang 60.000 Arbeitnehmer freigesetzt. Diese Zahl entspricht einer \u00fcberkonjunkturellen Arbeitskr\u00e4ftefreisetzung in H\u00f6he von 3.000 Arbeitnehmern &#8211; die Rezession ist also noch immer pr\u00e4sent.<!--more--><br \/>\nNach den neusten Hochrechnungen gab es im Dezember 3,276 Millionen Arbeitslose im Vergleich zu 3,27 im November. Damit war die Zahl der Arbeitslosen von November bis Dezember um 60.000 gestiegen. Dieser Anstieg der Arbeitslosigkeit ist zum gr\u00f6\u00dftem Teil durch die Konjunktur zu erkl\u00e4ren, denn allj\u00e4hrlich werden 57.000 Menschen im Dezember arbeitslos. Die Differenz, rund 3.000 Arbeitslose, muss man jedoch mit der Rezession erkl\u00e4ren die Deutschland im Rahmen der internationalen Finanzkrise heimsucht. Insgesamt gesehen blieb der durch die Rezession bedingte Anstieg der Erwerbslosenzahlen 2009 aber unter den Erwartungen. Insgesamt verloren 155.000 Besch\u00e4ftigte ihre Anstellung womit die Rezession sich auf dem deutschem Arbeitsmarkt weit unter den Erwartungen der Experten bemerkbar machte. Das die Rezession nicht so schwer zugeschlagen hatte wie in Deutschland erwartet und in anderen L\u00e4ndern wie Spanien sogar eingetreten ist wohl zu einem gutem St\u00fcck auf die Kurzarbeit zur\u00fcckzuf\u00fchren. Allerdings ist auch die Unternehmermentalit\u00e4t, Fachkr\u00e4fte um jeden Preis zu halten, wohl beteiligt an dem guten Verlauf der Rezession. In den n\u00e4chsten Jahren k\u00f6nnte die Entwicklung auf dem Arbeitsmarkt allerdings weniger erfreulich verlaufen. Wenn die Konjunktur in Deutschland sich erholt hat werden die Arbeitnehmer keine Lohneinbu\u00dfen mehr hinnehmen und die Unternehmen bestrebt sein ihre Produktivit\u00e4t zu steigern. Im Laufe der positiven konjunkturellen Entwicklung k\u00f6nnten dann bis 2011 eine Millionen neue Erwerbslose die Sozialkassen belasten. Konjunkturelle Arbeitslosigkeit schl\u00e4gt auf von der Rezession gebeuteltem Arbeitsmarkt voll zu<\/p>\n","protected":false},"excerpt":{"rendered":"<p>Konjunkturelle Arbeitslosigkeit schl\u00e4gt auf von der Rezession gebeuteltem Arbeitsmarkt voll zu Wie jedes Jahr im Winter gibt es eine konjunkturell bedingte Arbeitslosigkeit in Deutschland. Alleine im Dezember wurden bislang 60.000 Arbeitnehmer freigesetzt. Diese Zahl entspricht einer \u00fcberkonjunkturellen Arbeitskr\u00e4ftefreisetzung in H\u00f6he von 3.000 Arbeitnehmern &#8211; die Rezession ist also noch immer pr\u00e4sent.<\/p>\n","protected":false},"author":1,"featured_media":0,"comment_status":"open","ping_status":"closed","sticky":false,"template":"","format":"standard","meta":{"footnotes":""},"categories":[14,6],"tags":[],"class_list":["post-48","post","type-post","status-publish","format-standard","hentry","category-arbeitsmarkt","category-politik","entry"],"jetpack_featured_media_url":"","_links":{"self":[{"href":"https:\/\/aletheia-onlinezeitung.de\/index.php?rest_route=\/wp\/v2\/posts\/48","targetHints":{"allow":["GET"]}}],"collection":[{"href":"https:\/\/aletheia-onlinezeitung.de\/index.php?rest_route=\/wp\/v2\/posts"}],"about":[{"href":"https:\/\/aletheia-onlinezeitung.de\/index.php?rest_route=\/wp\/v2\/types\/post"}],"author":[{"embeddable":true,"href":"https:\/\/aletheia-onlinezeitung.de\/index.php?rest_route=\/wp\/v2\/users\/1"}],"replies":[{"embeddable":true,"href":"https:\/\/aletheia-onlinezeitung.de\/index.php?rest_route=%2Fwp%2Fv2%2Fcomments&post=48"}],"version-history":[{"count":0,"href":"https:\/\/aletheia-onlinezeitung.de\/index.php?rest_route=\/wp\/v2\/posts\/48\/revisions"}],"wp:attachment":[{"href":"https:\/\/aletheia-onlinezeitung.de\/index.php?rest_route=%2Fwp%2Fv2%2Fmedia&parent=48"}],"wp:term":[{"taxonomy":"category","embeddable":true,"href":"https:\/\/aletheia-onlinezeitung.de\/index.php?rest_route=%2Fwp%2Fv2%2Fcategories&post=48"},{"taxonomy":"post_tag","embeddable":true,"href":"https:\/\/aletheia-onlinezeitung.de\/index.php?rest_route=%2Fwp%2Fv2%2Ftags&post=48"}],"curies":[{"name":"wp","href":"https:\/\/api.w.org\/{rel}","templated":true}]}}