{"id":5,"date":"2009-11-23T08:02:10","date_gmt":"2009-11-23T08:02:10","guid":{"rendered":"http:\/\/localhost\/zeitung\/?p=5"},"modified":"2009-11-23T08:02:10","modified_gmt":"2009-11-23T08:02:10","slug":"merkel-im-us-kongress","status":"publish","type":"post","link":"https:\/\/aletheia-onlinezeitung.de\/?p=5","title":{"rendered":"Merkel im US-Kongress"},"content":{"rendered":"<p>Bundeskanzlerin Angela Merkel wird f\u00fcr Ihre tief emotionalen Worte im US-Kongress \u00fcber die Rolle der USA beim Mauerfall vor 20 Jahren geehrt.<br \/>\nWashington: 03.011.2009: Angela Merkel besuchte heute auf Einladung der US-Abgeordneten Nancy Pelosi als Ehrengast den US-Kongress. Ihre Ankunft w\u00fcrde von mehrere minutenlange Jubel und Standing Ovations begleitet.<!--more--><br \/>\nNach Konrad Adenauer (1957) ist Angela Merkel die erste deutsche Bundeskanzlerin, die die Ehre hat vor dem US-Kongress reden zu d\u00fcrfen. Angela Merkel startet ihre Rede im US-Kongress auf Englisch und dankte f\u00fcr die Einladung zu diesem bedeutenden Zeitpunkt vor dem US-Kongress sprechen zu d\u00fcrfen. Danach ging sie in einer sehr emotionalen Rede auf die deutsche NS-Geschichte und der vernichtung der Juden, sowie auf den Mauerfall vor 20 Jahren ein und bedankte sich f\u00fcr die Luftbr\u00fccke. Danach erz\u00e4hlte Sie von Ihren Erfahrungen in der DDR und verband diese mit ihrer eigenen tief emotionalen Geschichte. Zum Ende berichtete Merkel von ihrem ersten Besuch der USA. Merkel sagte: &#8222;Das Land der unbegrenzten M\u00f6glichkeiten, es war f\u00fcr mich lange Jahre meines Lebens das Land der unerreichbaren M\u00f6glichkeiten.&#8220;. Die Rede wurde mehrfach durch Jubelschreie und sich erhebende Abgeordnete unterbrochen.<\/p>\n<p>Im zweiten Teil ihrer Rede ging es Angela Merkel um die Lage im Nahen Osten. Unter dem Applaus der Abgeordneten und Senatoren sagte Angela Merkel: &#8222;Eine Atombombe in der Hand des iranischen Pr\u00e4sidenten, der den Holocaust leugnet, Israel droht und das Existenzrecht abspricht, darf es nicht geben&#8220;. Im letzten Teil ging es um ein gemeinsames deutsch-amerikanisches Vorgehen beim Klimaschutz. &#8222;Ich freue mich, dass Pr\u00e4sident Obama und Sie dem Schutz des Klimas so hohe Bedeutung zumessen&#8220;, sagte Merkel, um dem US-Senat die riesige Bedeutung des Klimaschutzes zu verdeutlichen. Nur durch verbindlichen Verpflichtungen und ein gemeinsames Vorgehen beim Klimakongress in Kopenhagen k\u00f6nnen L\u00e4nder wie China oder Indien vom Klimaschutz \u00fcberzeugt werden Standing Ovations f\u00fcr Angela Merkel f\u00fcr Rede im US-Kongress.<\/p>\n","protected":false},"excerpt":{"rendered":"<p>Bundeskanzlerin Angela Merkel wird f\u00fcr Ihre tief emotionalen Worte im US-Kongress \u00fcber die Rolle der USA beim Mauerfall vor 20 Jahren geehrt. Washington: 03.011.2009: Angela Merkel besuchte heute auf Einladung der US-Abgeordneten Nancy Pelosi als Ehrengast den US-Kongress. Ihre Ankunft w\u00fcrde von mehrere minutenlange Jubel und Standing Ovations begleitet.<\/p>\n","protected":false},"author":1,"featured_media":0,"comment_status":"open","ping_status":"closed","sticky":false,"template":"","format":"standard","meta":{"footnotes":""},"categories":[6],"tags":[30,34,117],"class_list":["post-5","post","type-post","status-publish","format-standard","hentry","category-politik","tag-angela-merkel","tag-atomwaffen","tag-usa","entry"],"jetpack_featured_media_url":"","_links":{"self":[{"href":"https:\/\/aletheia-onlinezeitung.de\/index.php?rest_route=\/wp\/v2\/posts\/5","targetHints":{"allow":["GET"]}}],"collection":[{"href":"https:\/\/aletheia-onlinezeitung.de\/index.php?rest_route=\/wp\/v2\/posts"}],"about":[{"href":"https:\/\/aletheia-onlinezeitung.de\/index.php?rest_route=\/wp\/v2\/types\/post"}],"author":[{"embeddable":true,"href":"https:\/\/aletheia-onlinezeitung.de\/index.php?rest_route=\/wp\/v2\/users\/1"}],"replies":[{"embeddable":true,"href":"https:\/\/aletheia-onlinezeitung.de\/index.php?rest_route=%2Fwp%2Fv2%2Fcomments&post=5"}],"version-history":[{"count":0,"href":"https:\/\/aletheia-onlinezeitung.de\/index.php?rest_route=\/wp\/v2\/posts\/5\/revisions"}],"wp:attachment":[{"href":"https:\/\/aletheia-onlinezeitung.de\/index.php?rest_route=%2Fwp%2Fv2%2Fmedia&parent=5"}],"wp:term":[{"taxonomy":"category","embeddable":true,"href":"https:\/\/aletheia-onlinezeitung.de\/index.php?rest_route=%2Fwp%2Fv2%2Fcategories&post=5"},{"taxonomy":"post_tag","embeddable":true,"href":"https:\/\/aletheia-onlinezeitung.de\/index.php?rest_route=%2Fwp%2Fv2%2Ftags&post=5"}],"curies":[{"name":"wp","href":"https:\/\/api.w.org\/{rel}","templated":true}]}}