{"id":52,"date":"2010-04-25T13:35:52","date_gmt":"2010-04-25T13:35:52","guid":{"rendered":"http:\/\/localhost\/zeitung\/?p=52"},"modified":"2010-04-25T13:35:52","modified_gmt":"2010-04-25T13:35:52","slug":"machtwechsel-in-chile-moglich","status":"publish","type":"post","link":"https:\/\/aletheia-onlinezeitung.de\/?p=52","title":{"rendered":"Machtwechsel in Chile m\u00f6glich"},"content":{"rendered":"<p>Chile: Umfragen sprechen Oppositionskandidat Pi\u00f1era Chancen auf einen Machtwechsel bei der Wahl gegen Frei zu<br \/>\nLaut Umfragen liegt die Mitte &#8211; Links &#8211; Regierung Concertaci\u00f3n mit ihrem Kandidaten Eduardo Frei in Chile hinter der Opposition unter Sebasti\u00e1n Pi\u00f1era. Damit k\u00f6nnte die Opposition um Sebasti\u00e1n Pi\u00f1era heute, erstmals seit 20 Jahren, einen Machtwechsel in Chile einl\u00e4uten.<!--more--><\/p>\n<p>Nach 17 Jah\u00adren Dik\u00adta\u00adtur un\u00adter Au\u00adgus\u00adto Pi\u00adno\u00adchet wur\u00adde Chi\u00adle wie\u00adder ein de\u00admo\u00adkra\u00adti\u00adsches Land. Dar\u00adauf\u00adhin konn\u00adte die Mit\u00adte &#8211; Links &#8211; Re\u00adgie\u00adrung Con\u00adcer\u00adt\u00ada\u00adci\u00f3n sich eta\u00adblie\u00adren und das Land bis heu\u00adte bei je\u00adder Wahl un\u00adter ih\u00adrer Kon\u00adtrol\u00adle be\u00adhal\u00adten. Doch nun k\u00f6nn\u00adte in Chi\u00adle erst\u00admals seit dem En\u00adde der Dik\u00adta\u00adtur ein Macht\u00adwech\u00adsel be\u00advor\u00adste\u00adhen, denn die rechts\u00adge\u00adrich\u00adte\u00adte &#8222;Al\u00adli\u00adanz f\u00fcr den Wan\u00addel&#8220; und ihr Pr\u00e4\u00adsi\u00addent\u00adschafts\u00adkan\u00addi\u00addat Pi\u00f1era lie\u00adgen ge\u00adgen\u00adw\u00e4r\u00adtig in den Wahl\u00adum\u00adfra\u00adgen vorn und k\u00f6nn\u00adten da\u00admit die Mit\u00adte &#8211; Links &#8211; Re\u00adgie\u00adrung mit ih\u00adrem Pr\u00e4\u00adsi\u00addent\u00adschafts\u00adkan\u00addi\u00addat Frei schla\u00adgen. Der Kan\u00addi\u00addat der Mit\u00adte &#8211; Links &#8211; Re\u00adgie\u00adrung, Frei, war be\u00adreits von 1994 bis 2000 am\u00adtie\u00adren\u00adder Pr\u00e4\u00adsi\u00addent, konn\u00adte dann aber ver\u00adfas\u00adsungs\u00adge\u00adm\u00e4\u00df nicht zu ei\u00adner di\u00adrek\u00adten Wie\u00adder\u00adwahl an\u00adtre\u00adten. Der Op\u00adpo\u00adsi\u00adti\u00adons\u00adkan\u00addi\u00addat Pi\u00f1era woll\u00adte schon 2005 den Macht\u00adwech\u00adsel in Chi\u00adle ein\u00adl\u00e4u\u00adten, schei\u00adter\u00adte dann aber im zwei\u00adtem Wahl\u00adgang ge\u00adgen die am\u00adtie\u00adren\u00adde Pr\u00e4\u00adsi\u00adden\u00adtin Ba\u00adche\u00adlet. In Chi\u00adles Haupt\u00adstadt San\u00adtia\u00adgo k\u00f6nn\u00adte sich al\u00adso heu\u00adte oder am 17. Ja\u00adnu\u00adar ein Macht\u00adwech\u00adsel von der Mit\u00adte &#8211; Links Re\u00adgie\u00adrung zu ei\u00adner rechts\u00adge\u00adrich\u00adte\u00adten Re\u00adgie\u00adrung un\u00adter Pi\u00f1era er\u00adeig\u00adnen. Am 17. Ja\u00adnu\u00adar n\u00e4m\u00adlich dann, wenn we\u00adder Pi\u00f1era noch Frei sich heu\u00adte im ers\u00adtem Wahl\u00adgang mit ab\u00adso\u00adlu\u00adter Mehr\u00adheit durch\u00adset\u00adzen k\u00f6n\u00adnen, was auf\u00adgrund von zwei klei\u00adne\u00adren Kan\u00addi\u00adda\u00adten und ei\u00adnem Kopf &#8211; an &#8211; Kopf &#8211; Ren\u00adnen zwi\u00adschen dem Mit\u00adte &#8211; Links &#8211; La\u00adger un\u00adter Frei und dem rech\u00adtem La\u00adger un\u00adter Pi\u00f1era in Chi\u00adle durch\u00adaus m\u00f6g\u00adlich ist.<\/p>\n","protected":false},"excerpt":{"rendered":"<p>Chile: Umfragen sprechen Oppositionskandidat Pi\u00f1era Chancen auf einen Machtwechsel bei der Wahl gegen Frei zu Laut Umfragen liegt die Mitte &#8211; Links &#8211; Regierung Concertaci\u00f3n mit ihrem Kandidaten Eduardo Frei in Chile hinter der Opposition unter Sebasti\u00e1n Pi\u00f1era. Damit k\u00f6nnte die Opposition um Sebasti\u00e1n Pi\u00f1era heute, erstmals seit 20 Jahren, einen Machtwechsel in Chile einl\u00e4uten.<\/p>\n","protected":false},"author":1,"featured_media":0,"comment_status":"open","ping_status":"closed","sticky":false,"template":"","format":"standard","meta":{"footnotes":""},"categories":[12],"tags":[],"class_list":["post-52","post","type-post","status-publish","format-standard","hentry","category-weltgeschehen","entry"],"jetpack_featured_media_url":"","_links":{"self":[{"href":"https:\/\/aletheia-onlinezeitung.de\/index.php?rest_route=\/wp\/v2\/posts\/52","targetHints":{"allow":["GET"]}}],"collection":[{"href":"https:\/\/aletheia-onlinezeitung.de\/index.php?rest_route=\/wp\/v2\/posts"}],"about":[{"href":"https:\/\/aletheia-onlinezeitung.de\/index.php?rest_route=\/wp\/v2\/types\/post"}],"author":[{"embeddable":true,"href":"https:\/\/aletheia-onlinezeitung.de\/index.php?rest_route=\/wp\/v2\/users\/1"}],"replies":[{"embeddable":true,"href":"https:\/\/aletheia-onlinezeitung.de\/index.php?rest_route=%2Fwp%2Fv2%2Fcomments&post=52"}],"version-history":[{"count":0,"href":"https:\/\/aletheia-onlinezeitung.de\/index.php?rest_route=\/wp\/v2\/posts\/52\/revisions"}],"wp:attachment":[{"href":"https:\/\/aletheia-onlinezeitung.de\/index.php?rest_route=%2Fwp%2Fv2%2Fmedia&parent=52"}],"wp:term":[{"taxonomy":"category","embeddable":true,"href":"https:\/\/aletheia-onlinezeitung.de\/index.php?rest_route=%2Fwp%2Fv2%2Fcategories&post=52"},{"taxonomy":"post_tag","embeddable":true,"href":"https:\/\/aletheia-onlinezeitung.de\/index.php?rest_route=%2Fwp%2Fv2%2Ftags&post=52"}],"curies":[{"name":"wp","href":"https:\/\/api.w.org\/{rel}","templated":true}]}}