{"id":54,"date":"2010-02-25T13:33:06","date_gmt":"2010-02-25T13:33:06","guid":{"rendered":"http:\/\/localhost\/zeitung\/?p=54"},"modified":"2010-02-25T13:33:06","modified_gmt":"2010-02-25T13:33:06","slug":"kaffeeroster-mussen-kartellstrafe-zahlen","status":"publish","type":"post","link":"https:\/\/aletheia-onlinezeitung.de\/?p=54","title":{"rendered":"Kaffeer\u00f6ster m\u00fcssen Kartellstrafe zahlen"},"content":{"rendered":"<p>Bundeskartellamt verh\u00e4ngt hohe Strafe gegen Tchibo, Melitta und Dallmayr<br \/>\nDas Bundeskartellamt hat nun eine Strafe in H\u00f6he von 159,5 Millionen Euro gegen die Kaffeer\u00f6stereien Tchibo, Melitta und Dallmayr verh\u00e4ngt nachdem massive Hinweise auf Preisabsprachen vorlagen. Gegen die Strafe kann allerdings noch Widerspruch eingelegt werden.<!--more--><\/p>\n<p>Um \u00fcber\u00adh\u00f6h\u00adte Prei\u00adse f\u00fcr den Ver\u00adbrau\u00adcher zu ver\u00adhin\u00addern ist die Bil\u00addung von Kar\u00adtel\u00adlen, das hei\u00dft die Ab\u00adspra\u00adche von Prei\u00adsen in\u00adner\u00adhalb ei\u00adner Bran\u00adche, in Deutsch\u00adland ver\u00adbo\u00adten. Doch nach zahl\u00adrei\u00adchen Preis\u00ader\u00adh\u00f6\u00adhun\u00adgen der Kaf\u00adfee\u00adr\u00f6s\u00adte\u00adrei\u00aden wie Tchi\u00adbo, Me\u00adlit\u00adta und Dall\u00admayr zwi\u00adschen 2000 und 2008 bis dann am 3. Ju\u00adli 2008 &#8211; ver\u00admut\u00adlich auf Hin\u00adweis ei\u00adnes Mit\u00adbe\u00adwer\u00adbers der die Prei\u00adse eben\u00adfalls er\u00adh\u00f6ht aber im Ge\u00adgen\u00adzug vor ei\u00adner Stra\u00adfe ver\u00adschont blieb &#8211; das Bun\u00addes\u00adkar\u00adtell\u00adamt die Ge\u00adsch\u00e4fts\u00adr\u00e4u\u00adme der R\u00f6s\u00adter\u00adrei\u00aden durch\u00adsuch\u00adte. Die be\u00adschlag\u00adnahm\u00adten Do\u00adku\u00admen\u00adte er\u00adh\u00e4r\u00adte\u00adten den Ver\u00addacht ge\u00adgen Tchi\u00adbo, Me\u00adlit\u00adta und Dall\u00admayr ein Kar\u00adtell ge\u00adbil\u00addet und die Prei\u00adse ab\u00adge\u00adspro\u00adchen zu ha\u00adben. Aus die\u00adsem Grund wur\u00adde nun die Stra\u00adfe fest\u00adge\u00adlegt. Bis auf die letz\u00adte Preis\u00ader\u00adh\u00f6\u00adhung die kurz vor der Durch\u00adsu\u00adchung der Ge\u00adsch\u00e4fts\u00adr\u00e4u\u00adme statt\u00adfand konn\u00adte das Kar\u00adtell aus Tchi\u00adbo, Me\u00adlit\u00adta und Dall\u00admayr al\u00adle Preis\u00ader\u00adh\u00f6\u00adhun\u00adgen auf dem Kaf\u00adfee\u00admarkt durch\u00adset\u00adzen. So konn\u00adten die Un\u00adter\u00adneh\u00admen die Kaf\u00adfee\u00adprei\u00adse ex\u00adtrem stei\u00adgern &#8211; al\u00adlei\u00adne 2004 und 2005 stie\u00adgen die Prei\u00adse um mehr als 20 Pro\u00adzent oder ei\u00adnen Eu\u00adro pro 500 Gramm End\u00adver\u00adbrau\u00adcher\u00adpreis. Die emp\u00adfind\u00adli\u00adche Stra\u00adfe ge\u00adgen das Kaf\u00adfee &#8211; Kar\u00adtell aus Tchi\u00adbo, Me\u00adlit\u00adta und Dall\u00admayr k\u00f6nn\u00adte zwar im zwei\u00adtem Schritt re\u00addu\u00adziert wer\u00adden, den\u00adnoch wer\u00adden Me\u00adlit\u00adta, Dall\u00admayr und Tchi\u00adbo wohl schwer dar\u00adan zu schlu\u00adcken ha\u00adben. Das Kar\u00adtell be\u00adste\u00adhend aus Tchi\u00adbo, Me\u00adlit\u00adta und Dall\u00admayr k\u00f6nn\u00adte fer\u00adner ge\u00adzwun\u00adgen wer\u00adden die Prei\u00adse bald zu sen\u00adken.<\/p>\n","protected":false},"excerpt":{"rendered":"<p>Bundeskartellamt verh\u00e4ngt hohe Strafe gegen Tchibo, Melitta und Dallmayr Das Bundeskartellamt hat nun eine Strafe in H\u00f6he von 159,5 Millionen Euro gegen die Kaffeer\u00f6stereien Tchibo, Melitta und Dallmayr verh\u00e4ngt nachdem massive Hinweise auf Preisabsprachen vorlagen. Gegen die Strafe kann allerdings noch Widerspruch eingelegt werden.<\/p>\n","protected":false},"author":1,"featured_media":0,"comment_status":"open","ping_status":"closed","sticky":false,"template":"","format":"standard","meta":{"footnotes":""},"categories":[13],"tags":[],"class_list":["post-54","post","type-post","status-publish","format-standard","hentry","category-wirtschaft","entry"],"jetpack_featured_media_url":"","_links":{"self":[{"href":"https:\/\/aletheia-onlinezeitung.de\/index.php?rest_route=\/wp\/v2\/posts\/54","targetHints":{"allow":["GET"]}}],"collection":[{"href":"https:\/\/aletheia-onlinezeitung.de\/index.php?rest_route=\/wp\/v2\/posts"}],"about":[{"href":"https:\/\/aletheia-onlinezeitung.de\/index.php?rest_route=\/wp\/v2\/types\/post"}],"author":[{"embeddable":true,"href":"https:\/\/aletheia-onlinezeitung.de\/index.php?rest_route=\/wp\/v2\/users\/1"}],"replies":[{"embeddable":true,"href":"https:\/\/aletheia-onlinezeitung.de\/index.php?rest_route=%2Fwp%2Fv2%2Fcomments&post=54"}],"version-history":[{"count":0,"href":"https:\/\/aletheia-onlinezeitung.de\/index.php?rest_route=\/wp\/v2\/posts\/54\/revisions"}],"wp:attachment":[{"href":"https:\/\/aletheia-onlinezeitung.de\/index.php?rest_route=%2Fwp%2Fv2%2Fmedia&parent=54"}],"wp:term":[{"taxonomy":"category","embeddable":true,"href":"https:\/\/aletheia-onlinezeitung.de\/index.php?rest_route=%2Fwp%2Fv2%2Fcategories&post=54"},{"taxonomy":"post_tag","embeddable":true,"href":"https:\/\/aletheia-onlinezeitung.de\/index.php?rest_route=%2Fwp%2Fv2%2Ftags&post=54"}],"curies":[{"name":"wp","href":"https:\/\/api.w.org\/{rel}","templated":true}]}}