{"id":57,"date":"2010-02-25T13:28:47","date_gmt":"2010-02-25T13:28:47","guid":{"rendered":"http:\/\/localhost\/zeitung\/?p=57"},"modified":"2010-02-25T13:28:47","modified_gmt":"2010-02-25T13:28:47","slug":"stichwahl-in-kroation","status":"publish","type":"post","link":"https:\/\/aletheia-onlinezeitung.de\/?p=57","title":{"rendered":"Stichwahl in Kroation"},"content":{"rendered":"<p>Kroatiens Zukunft in Europa steht zur Wahl<br \/>\nNachdem bei der ersten Wahl keiner der Kandidaten in Kroatien die Pr\u00e4sidentschaftswahl mit absoluter Mehrheit f\u00fcr sich entscheiden konnte entscheiden die B\u00fcrger Kroatien nun per Stichwahl \u00fcber die Zukunft Kroatiens in Europa.<!--more--><br \/>\nWenn die Kroaten nun in der Stichwahl \u00fcber ihren neuen Pr\u00e4sidenten abstimmen, dann ist dies gleichzeitig eine Wahl f\u00fcr die Zukunft Kroatiens in Europa, denn die beiden Kandidaten unterscheiden sich fundamental voneinander. Der erste Pr\u00e4sidentschaftskandidat hei\u00dft Ivo Josipovi? (Sozialdemokratischen Partei Kroatien (SDP) ) und liegt laut Wahlumfragen bei 55 Prozent der Stimmen. Die Ursache hierf\u00fcr k\u00f6nnte in Josipovi?\u00b4s Bem\u00fchen der Bek\u00e4mpfung tiefgreifender Missst\u00e4nde wie Korruption und organisierten Kriminalit\u00e4t liegen. Zu Zeiten des Kommunismus war er ma\u00dfgeblich am Umbau der Kommunistischen Partei beteiligt deren politische Gesinnung heute sozialdemokratisch ist. \u00dcber die Liste dieser Partei wurde er bei der Parlamentswahl 2007 auch wieder ins Parlament gew\u00e4hlt ohne der Partei anzugeh\u00f6ren. Sein Wahlprogramm f\u00fcr das Amt des Pr\u00e4sidenten umfasst vor Allem den Kampf gegen die Korruption und die \u00d6ffnung gegen\u00fcber Europa und der Europ\u00e4ischen Union. Sein Gegenkandidat der laut Umfragen immerhin 45 Prozent der Stimmen auf sich vereinigen kann tr\u00e4gt den Namen Milan Bandic. Gegen Bandic laufen noch zahlreiche Ermittelungsverfahren, doch in der Hauptstadt Kroatiens, Zagreb, konnte er bereits beweisen, dass er in der Lage ist gute Politik zu machen. Doch sein Englisch ist nur rudiment\u00e4r vorhanden und wenn Bandic bei der Wahl Pr\u00e4sident von Kroatien werden sollte, dann sieht es f\u00fcr eine offene Europapolitik schlecht aus. Auch die von ihm begangene Fahrerflucht unter Alkoholeinfluss in der Vergangenheit spricht ihm nicht gerade Kompetenzen als Pr\u00e4sident Kroatiens zu. Kroatiens Zukunft in Europa steht zur Wahl<\/p>\n","protected":false},"excerpt":{"rendered":"<p>Kroatiens Zukunft in Europa steht zur Wahl Nachdem bei der ersten Wahl keiner der Kandidaten in Kroatien die Pr\u00e4sidentschaftswahl mit absoluter Mehrheit f\u00fcr sich entscheiden konnte entscheiden die B\u00fcrger Kroatien nun per Stichwahl \u00fcber die Zukunft Kroatiens in Europa.<\/p>\n","protected":false},"author":1,"featured_media":0,"comment_status":"open","ping_status":"closed","sticky":false,"template":"","format":"standard","meta":{"footnotes":""},"categories":[12],"tags":[],"class_list":["post-57","post","type-post","status-publish","format-standard","hentry","category-weltgeschehen","entry"],"jetpack_featured_media_url":"","_links":{"self":[{"href":"https:\/\/aletheia-onlinezeitung.de\/index.php?rest_route=\/wp\/v2\/posts\/57","targetHints":{"allow":["GET"]}}],"collection":[{"href":"https:\/\/aletheia-onlinezeitung.de\/index.php?rest_route=\/wp\/v2\/posts"}],"about":[{"href":"https:\/\/aletheia-onlinezeitung.de\/index.php?rest_route=\/wp\/v2\/types\/post"}],"author":[{"embeddable":true,"href":"https:\/\/aletheia-onlinezeitung.de\/index.php?rest_route=\/wp\/v2\/users\/1"}],"replies":[{"embeddable":true,"href":"https:\/\/aletheia-onlinezeitung.de\/index.php?rest_route=%2Fwp%2Fv2%2Fcomments&post=57"}],"version-history":[{"count":0,"href":"https:\/\/aletheia-onlinezeitung.de\/index.php?rest_route=\/wp\/v2\/posts\/57\/revisions"}],"wp:attachment":[{"href":"https:\/\/aletheia-onlinezeitung.de\/index.php?rest_route=%2Fwp%2Fv2%2Fmedia&parent=57"}],"wp:term":[{"taxonomy":"category","embeddable":true,"href":"https:\/\/aletheia-onlinezeitung.de\/index.php?rest_route=%2Fwp%2Fv2%2Fcategories&post=57"},{"taxonomy":"post_tag","embeddable":true,"href":"https:\/\/aletheia-onlinezeitung.de\/index.php?rest_route=%2Fwp%2Fv2%2Ftags&post=57"}],"curies":[{"name":"wp","href":"https:\/\/api.w.org\/{rel}","templated":true}]}}