{"id":58,"date":"2010-02-25T13:28:26","date_gmt":"2010-02-25T13:28:26","guid":{"rendered":"http:\/\/localhost\/zeitung\/?p=58"},"modified":"2010-02-25T13:28:26","modified_gmt":"2010-02-25T13:28:26","slug":"spannungen-im-nahen-osten","status":"publish","type":"post","link":"https:\/\/aletheia-onlinezeitung.de\/?p=58","title":{"rendered":"Spannungen im nahen Osten"},"content":{"rendered":"<p>Antisemitische Fernsehsendung belastet die Beziehungen zwischen der T\u00fcrkei und Israel<br \/>\nEine von Israel als antisemitisch empfundene Fernsehserie aus der T\u00fcrkei sorgt f\u00fcr diplomatische Spannungen zwischen Israel und der T\u00fcrkei. J\u00fcngst wurde der t\u00fcrkische Botschafter in Israel gedem\u00fctigt.<!--more--><br \/>\nEine aggressive Reaktion auf eine weitere Ausstrahlung der von Israel als antisemitisch empfundenen TV &#8211; Sendung der T\u00fcrkei &#8211; das wurde am 12.01.2010 von t\u00fcrkischen Spitzenpolitikern in einem gemeinsamen Treffen beschlossen. Die von der T\u00fcrkei ausgestrahlte und von Israel kritisierte Sendung zeigt unter Anderem Mossad-Agenten die Babys entf\u00fchren und Kriegsverbrechen im nahen Osten begehen. An diesem Tag wurde zudem der t\u00fcrkische Botschafter in Israel zu den Spitzenpolitikern einberufen &#8211; zur Kl\u00e4rung der diplomatischen Situation. Der t\u00fcrkische Botschafter musste hierbei Dem\u00fctigungen \u00fcber sich ergehen lassen die ganz klar von der t\u00fcrkischen Seite gewollt waren. So wurde der Botschafter der T\u00fcrkei von israelischen Fernsehteams gefilmt w\u00e4hrend er vor dem B\u00fcro der Politiker wartete. Die Schmach endet auch nicht als der t\u00fcrkische Botschafter in das B\u00fcro eintreten darf in dem lediglich die israelische Flagge, nicht aber die t\u00fcrkische, hing. Dann musste der Botschafter sich auf einen Platz setzen der niedriger lag als der der israelischen Spitzenpolitiker. Diese Provokation wird selbst von f\u00fchrenden Diplomaten Israels als unangemessen und kindisch verurteilt. Die Reaktion der T\u00fcrkei bleibt abzuwarten. Ob jedoch eine Beschneidung des Ausstrahlungsrechtes der Sendung durch Provokationen erzwungen werden kann bleibt fraglich. Die bis dahin hervorragenden Beziehungen der B\u00fcndnispartner T\u00fcrkei und Israel stehen auf Messers schneide. Der lachende dritte aus dieser Krise k\u00f6nnte Syrien, als Feind Israels, werden, denn seit diesem Zwischenfall habendie T\u00fcrkische- und Syrische Armee gemeinsame milit\u00e4rische Man\u00f6ver durchgef\u00fchrt und ein weiteres gemeinsames Man\u00f6ver soll folgen. Antisemitische Fernsehsendung belastet die Beziehungen zwischen der T\u00fcrkei und Israel<\/p>\n","protected":false},"excerpt":{"rendered":"<p>Antisemitische Fernsehsendung belastet die Beziehungen zwischen der T\u00fcrkei und Israel Eine von Israel als antisemitisch empfundene Fernsehserie aus der T\u00fcrkei sorgt f\u00fcr diplomatische Spannungen zwischen Israel und der T\u00fcrkei. J\u00fcngst wurde der t\u00fcrkische Botschafter in Israel gedem\u00fctigt.<\/p>\n","protected":false},"author":1,"featured_media":0,"comment_status":"open","ping_status":"closed","sticky":false,"template":"","format":"standard","meta":{"footnotes":""},"categories":[6,12],"tags":[],"class_list":["post-58","post","type-post","status-publish","format-standard","hentry","category-politik","category-weltgeschehen","entry"],"jetpack_featured_media_url":"","_links":{"self":[{"href":"https:\/\/aletheia-onlinezeitung.de\/index.php?rest_route=\/wp\/v2\/posts\/58","targetHints":{"allow":["GET"]}}],"collection":[{"href":"https:\/\/aletheia-onlinezeitung.de\/index.php?rest_route=\/wp\/v2\/posts"}],"about":[{"href":"https:\/\/aletheia-onlinezeitung.de\/index.php?rest_route=\/wp\/v2\/types\/post"}],"author":[{"embeddable":true,"href":"https:\/\/aletheia-onlinezeitung.de\/index.php?rest_route=\/wp\/v2\/users\/1"}],"replies":[{"embeddable":true,"href":"https:\/\/aletheia-onlinezeitung.de\/index.php?rest_route=%2Fwp%2Fv2%2Fcomments&post=58"}],"version-history":[{"count":0,"href":"https:\/\/aletheia-onlinezeitung.de\/index.php?rest_route=\/wp\/v2\/posts\/58\/revisions"}],"wp:attachment":[{"href":"https:\/\/aletheia-onlinezeitung.de\/index.php?rest_route=%2Fwp%2Fv2%2Fmedia&parent=58"}],"wp:term":[{"taxonomy":"category","embeddable":true,"href":"https:\/\/aletheia-onlinezeitung.de\/index.php?rest_route=%2Fwp%2Fv2%2Fcategories&post=58"},{"taxonomy":"post_tag","embeddable":true,"href":"https:\/\/aletheia-onlinezeitung.de\/index.php?rest_route=%2Fwp%2Fv2%2Ftags&post=58"}],"curies":[{"name":"wp","href":"https:\/\/api.w.org\/{rel}","templated":true}]}}