{"id":61,"date":"2010-02-25T13:26:09","date_gmt":"2010-02-25T13:26:09","guid":{"rendered":"http:\/\/localhost\/zeitung\/?p=61"},"modified":"2010-02-25T13:26:09","modified_gmt":"2010-02-25T13:26:09","slug":"27-milliarden-euro-fur-general-motor-tochter-opel","status":"publish","type":"post","link":"https:\/\/aletheia-onlinezeitung.de\/?p=61","title":{"rendered":"2,7 Milliarden Euro f\u00fcr General Motor &#8211; Tochter Opel?"},"content":{"rendered":"<p>Der US &#8211; Konzern GM fordert von Deutschland und den anderen Staaten Europas insgesamt 2,7 Milliarden Euro f\u00fcr die Opel &#8211; Rettung<br \/>\nDer krisengebeutelte General Motors &#8211; Konzern hat nun Zahlen ver\u00f6ffentlicht mit denen die Opel &#8211; Rettung m\u00f6glich werden soll. Hierzu sollen Deutschland und die anderen Staaten Europas 2,7 Millarden Euro zuschie\u00dfen. Ein Sanierungskonzept liegt unterdessen noch nicht vor.<!--more--><\/p>\n<p>Die Re\u00adgie\u00adrung Deutsch\u00adlands hat im Na\u00admen al\u00adler eu\u00adro\u00adp\u00e4i\u00adschen Staa\u00adten ein Opel &#8211; Sa\u00adnie\u00adrungs\u00adkon\u00adzept von der US &#8211; Mut\u00adter Ge\u00adne\u00adral Mo\u00adtors ge\u00adfor\u00addert um die Not\u00adwen\u00addig\u00adkeit von Staats\u00adhil\u00adfen zu \u00fcber\u00adpr\u00fc\u00adfen. Doch Deutsch\u00adland und das rest\u00adli\u00adche Eu\u00adro\u00adpa be\u00adka\u00admen bis\u00adlang noch kein Sa\u00adnie\u00adrungs\u00adkon\u00adzept von Ge\u00adne\u00adral Mo\u00adtors f\u00fcr Opel vor\u00adge\u00adlegt. Und an\u00adstatt das Sa\u00adnie\u00adrungs\u00adkon\u00adzept nun nach\u00adzu\u00adlie\u00adfern wirft Ge\u00adne\u00adral Mo\u00adtors die Zahl von 2,7 Mil\u00adli\u00adar\u00adden Eu\u00adro von den Re\u00adgie\u00adrun\u00adgen der L\u00e4n\u00adder Eu\u00adro\u00adpas in den Raum. Da\u00admit und mit Ei\u00adgen\u00adka\u00adpi\u00adtal in H\u00f6\u00adhe von 600 Mil\u00adlio\u00adnen Eu\u00adro wol\u00adle Ge\u00adne\u00adral Mo\u00adtors den Au\u00adto\u00adbau\u00ader Opel sa\u00adnie\u00adren. Ein Kon\u00adzept wur\u00adde nicht be\u00adkannt ge\u00adge\u00adben. Der Wirt\u00adschafts\u00admi\u00adnis\u00adter Deutsch\u00adlands, Rai\u00adner Br\u00fc\u00adder\u00adle, kri\u00adti\u00adsiert vor Al\u00adlem, dass noch im\u00admer nicht klar ge\u00adstellt wur\u00adde wie\u00adviel Ge\u00adstal\u00adtungs\u00adspiel\u00adraum Opel bei der Mo\u00addel\u00adl\u00adent\u00adwick\u00adlung ha\u00adben soll. Zu\u00addem w\u00fcr\u00adden kla\u00adre Aus\u00adsa\u00adgen zur Zu\u00adkunfts\u00adtech\u00adno\u00adlo\u00adgie von Opel in Eu\u00adro\u00adpa ge\u00adtrof\u00adfen. Wei\u00adte\u00adres Man\u00adko ist zu\u00addem, dass noch kei\u00adne ent\u00adspre\u00adchen\u00adde Aus\u00adsa\u00adge ge\u00adtrof\u00adfen wur\u00adde die den Ab\u00adfluss eu\u00adro\u00adp\u00e4i\u00adscher und deut\u00adscher Steu\u00ader\u00adgel\u00adder zu Ge\u00adne\u00adral Mo\u00adtors in den USA ver\u00adhin\u00addern k\u00f6nn\u00adte. Der op\u00adpo\u00adsi\u00adtio\u00adnel\u00adle SPD-&#8203;Wirt\u00adschafts\u00adpo\u00adli\u00adti\u00adker Du\u00adin stimmt den Aus\u00adsa\u00adgen des Br\u00fc\u00adder\u00adle zur Opel &#8211; Staats\u00adhil\u00adfe zu. Deutsch\u00adland und Eu\u00adro\u00adpa soll\u00adten ei\u00adnem so in\u00adko\u00adope\u00adra\u00adti\u00advem Kon\u00adzern wie Ge\u00adne\u00adral Mo\u00adtors noch kei\u00adne Staats\u00adhil\u00adfe ver\u00adspre\u00adchen &#8211; zu\u00admal der An\u00adtrag durch Ge\u00adne\u00adral Mo\u00adtors noch l\u00e4ngst nicht of\u00adfi\u00adzi\u00adell ein\u00adge\u00adreicht ist. Die Staats\u00adhil\u00adfe f\u00fcr Ge\u00adne\u00adral Mo\u00adtors und Opel steht in Deutsch\u00adland und im rest\u00adli\u00adchem Eu\u00adro\u00adpa al\u00adso noch im\u00admer nicht auf si\u00adche\u00adren F\u00fc\u00ad\u00dfen. Vor den Ver\u00adhand\u00adlun\u00adgen \u00fcber ei\u00adne Staats\u00adhil\u00adfe f\u00fcr Opel im Ge\u00adne\u00adral Mo\u00adtors &#8211; Kon\u00adzern hat\u00adte Ge\u00adne\u00adral Mo\u00adtors den Ver\u00adkauf von Opel an den Au\u00adto\u00adzu\u00adlie\u00adfe\u00adrer Ma\u00adgna ab\u00adge\u00adlehnt und die Bun\u00addes\u00adre\u00adgie\u00adrung da\u00admit bla\u00admiert.<\/p>\n","protected":false},"excerpt":{"rendered":"<p>Der US &#8211; Konzern GM fordert von Deutschland und den anderen Staaten Europas insgesamt 2,7 Milliarden Euro f\u00fcr die Opel &#8211; Rettung Der krisengebeutelte General Motors &#8211; Konzern hat nun Zahlen ver\u00f6ffentlicht mit denen die Opel &#8211; Rettung m\u00f6glich werden soll. Hierzu sollen Deutschland und die anderen Staaten Europas 2,7 Millarden Euro zuschie\u00dfen. Ein Sanierungskonzept &hellip; <\/p>\n<p class=\"link-more\"><a href=\"https:\/\/aletheia-onlinezeitung.de\/?p=61\" class=\"more-link\"><span class=\"screen-reader-text\">\u201e2,7 Milliarden Euro f\u00fcr General Motor &#8211; Tochter Opel?\u201c<\/span> weiterlesen<\/a><\/p>\n","protected":false},"author":1,"featured_media":0,"comment_status":"open","ping_status":"closed","sticky":false,"template":"","format":"standard","meta":{"footnotes":""},"categories":[13],"tags":[],"class_list":["post-61","post","type-post","status-publish","format-standard","hentry","category-wirtschaft","entry"],"jetpack_featured_media_url":"","_links":{"self":[{"href":"https:\/\/aletheia-onlinezeitung.de\/index.php?rest_route=\/wp\/v2\/posts\/61","targetHints":{"allow":["GET"]}}],"collection":[{"href":"https:\/\/aletheia-onlinezeitung.de\/index.php?rest_route=\/wp\/v2\/posts"}],"about":[{"href":"https:\/\/aletheia-onlinezeitung.de\/index.php?rest_route=\/wp\/v2\/types\/post"}],"author":[{"embeddable":true,"href":"https:\/\/aletheia-onlinezeitung.de\/index.php?rest_route=\/wp\/v2\/users\/1"}],"replies":[{"embeddable":true,"href":"https:\/\/aletheia-onlinezeitung.de\/index.php?rest_route=%2Fwp%2Fv2%2Fcomments&post=61"}],"version-history":[{"count":0,"href":"https:\/\/aletheia-onlinezeitung.de\/index.php?rest_route=\/wp\/v2\/posts\/61\/revisions"}],"wp:attachment":[{"href":"https:\/\/aletheia-onlinezeitung.de\/index.php?rest_route=%2Fwp%2Fv2%2Fmedia&parent=61"}],"wp:term":[{"taxonomy":"category","embeddable":true,"href":"https:\/\/aletheia-onlinezeitung.de\/index.php?rest_route=%2Fwp%2Fv2%2Fcategories&post=61"},{"taxonomy":"post_tag","embeddable":true,"href":"https:\/\/aletheia-onlinezeitung.de\/index.php?rest_route=%2Fwp%2Fv2%2Ftags&post=61"}],"curies":[{"name":"wp","href":"https:\/\/api.w.org\/{rel}","templated":true}]}}