{"id":62,"date":"2010-02-25T13:25:47","date_gmt":"2010-02-25T13:25:47","guid":{"rendered":"http:\/\/localhost\/zeitung\/?p=62"},"modified":"2010-02-25T13:25:47","modified_gmt":"2010-02-25T13:25:47","slug":"spanien-wappnet-sich-mit-erhohung-der-terroralarmstufe","status":"publish","type":"post","link":"https:\/\/aletheia-onlinezeitung.de\/?p=62","title":{"rendered":"Spanien wappnet sich mit Erh\u00f6hung der Terroralarmstufe"},"content":{"rendered":"<p>Spanien sch\u00e4tzt Terrorgefahr als erh\u00f6ht ein und steigert Alarmbereitschaft auf Stufe 2<br \/>\nNach dem gescheitertem Anschlag eines Nigerianers auf ein Flugzeug auf dem Weg nach Detroit und zahlreichen ergriffenen Ma\u00dfnahmen durch viele westliche Staaten zur Eind\u00e4mmung des Terrors hat Spanien die Alarmbereitschaft f\u00fcr die Terrorabwehr von 1 auf 2 (erh\u00f6hte Gefahr eines Terroranschlags) gesetzt.<!--more--><br \/>\nMit der Erh\u00f6hung der Anti-Terror-Alarmstufe von 1 auf 2 von 4 auf der spanischen Sicherheitsskala reagiert Spanien auf das gesteigerte Risiko eines Terroranschlags. Zuvor hatte ein Nigerianer vergebens versucht einen Terroranschlag in einem Flugzeug zu ver\u00fcben das auf dem Weg von Amsterdam nach Dettroit war. Nur das Eingreifen anderer Passagiere verhinderte die Katastrophe. Der Nigerianer gab nach der Festnahme an zur Terror-Organisation El Kaida zu geh\u00f6ren. F\u00fcr die Erh\u00f6hung der Terroralarmstufe in Spanien ist zudem noch relevant, dass Spanien am ersten Januar die Ratspr\u00e4sidentschaft in der Europ\u00e4ischen Union f\u00fcr ein halbes Jahr \u00fcbernehmen wird &#8211; zu diesem Zeitpunkt werden n\u00e4mlich Terrorakte durch die baskische ETA erwartet. Die ETA wurde von der Europ\u00e4ischen Union und den USA als Terrororganisation eingestuft und k\u00e4mpft seit \u00fcber 40 Jahren f\u00fcr die Unabh\u00e4ngigkeit der Basken in S\u00fcdfrankreich.<br \/>\nDies klingt umso wahrscheinlicher wenn man sich mit der Struktur der ETA besch\u00e4ftigt: Sie ist sehr zerstritten und im Zerfall begriffen und k\u00f6nnte sich durch einen erneuten Terroranschlag in Spanien erhoffen zur\u00fcck in das Bewusstsein der Menschen zu kommen und mit dem Terror die Organisation in sich wieder zu festigen. In gefundenen Dokumenten der Terrororganisation konnte man die Pl\u00e4ne entnehmen nach denen ein Ministerium oder eine Kaserne der Guardia civil angegriffen und ein Politiker entf\u00fchrt werden sollte, so der spanische Innenminister Alfredo P\u00e9rez Rubalcaba . Durch die Aufkl\u00e4rungsarbeit und die h\u00f6here Alarmstufe d\u00fcrfte dieser Akt des Terrorismus nun stark erschwert werden.<\/p>\n","protected":false},"excerpt":{"rendered":"<p>Spanien sch\u00e4tzt Terrorgefahr als erh\u00f6ht ein und steigert Alarmbereitschaft auf Stufe 2 Nach dem gescheitertem Anschlag eines Nigerianers auf ein Flugzeug auf dem Weg nach Detroit und zahlreichen ergriffenen Ma\u00dfnahmen durch viele westliche Staaten zur Eind\u00e4mmung des Terrors hat Spanien die Alarmbereitschaft f\u00fcr die Terrorabwehr von 1 auf 2 (erh\u00f6hte Gefahr eines Terroranschlags) gesetzt.<\/p>\n","protected":false},"author":1,"featured_media":0,"comment_status":"open","ping_status":"closed","sticky":false,"template":"","format":"standard","meta":{"footnotes":""},"categories":[7],"tags":[],"class_list":["post-62","post","type-post","status-publish","format-standard","hentry","category-sicherheitspolitik","entry"],"jetpack_featured_media_url":"","_links":{"self":[{"href":"https:\/\/aletheia-onlinezeitung.de\/index.php?rest_route=\/wp\/v2\/posts\/62","targetHints":{"allow":["GET"]}}],"collection":[{"href":"https:\/\/aletheia-onlinezeitung.de\/index.php?rest_route=\/wp\/v2\/posts"}],"about":[{"href":"https:\/\/aletheia-onlinezeitung.de\/index.php?rest_route=\/wp\/v2\/types\/post"}],"author":[{"embeddable":true,"href":"https:\/\/aletheia-onlinezeitung.de\/index.php?rest_route=\/wp\/v2\/users\/1"}],"replies":[{"embeddable":true,"href":"https:\/\/aletheia-onlinezeitung.de\/index.php?rest_route=%2Fwp%2Fv2%2Fcomments&post=62"}],"version-history":[{"count":0,"href":"https:\/\/aletheia-onlinezeitung.de\/index.php?rest_route=\/wp\/v2\/posts\/62\/revisions"}],"wp:attachment":[{"href":"https:\/\/aletheia-onlinezeitung.de\/index.php?rest_route=%2Fwp%2Fv2%2Fmedia&parent=62"}],"wp:term":[{"taxonomy":"category","embeddable":true,"href":"https:\/\/aletheia-onlinezeitung.de\/index.php?rest_route=%2Fwp%2Fv2%2Fcategories&post=62"},{"taxonomy":"post_tag","embeddable":true,"href":"https:\/\/aletheia-onlinezeitung.de\/index.php?rest_route=%2Fwp%2Fv2%2Ftags&post=62"}],"curies":[{"name":"wp","href":"https:\/\/api.w.org\/{rel}","templated":true}]}}